{"id":1093,"date":"2018-02-15T13:06:58","date_gmt":"2018-02-15T13:06:58","guid":{"rendered":"https:\/\/radiosucumbios.org.ec\/?p=1093"},"modified":"2018-02-15T13:06:58","modified_gmt":"2018-02-15T13:06:58","slug":"incremento-del-9-atencion-emergencias-se-registra-feriado-del-carnaval","status":"publish","type":"post","link":"https:\/\/radiosucumbios.org.ec\/?p=1093","title":{"rendered":"Incremento del 9% de atenci\u00f3n\u00a0en emergencias se registra por feriado del carnaval"},"content":{"rendered":"<h5>Se registra un incremento del 9%\u00a0 este a\u00f1o, seg\u00fan los datos comparativos entre el feriado de carnaval 2018 y 2017 de las llamadas de emergencias ingresadas a trav\u00e9s del Ecu 911 Nueva Loja, las autoridades aducen por las fiestas de provincializaci\u00f3n.<\/h5>\n<p><!--more--><\/p>\n<p>Dentro de las estad\u00edsticas, sigue siendo alto el n\u00famero de llamadas por accidentes de tr\u00e1nsito, principalmente de motocicletas, esto no ha dejado de ser preocupaci\u00f3n para las autoridades de control y llaman a la conciencia ciudadana.<\/p>\n<p>El teniente coronel Juan Carlos S\u00e1nchez, jefe del Ecu 911 Nueva Loja, se\u00f1al\u00f3 que dentro de las llamadas de emergencias 278, corresponde a \u201cclave roja\u201d o llamadas de riesgo, las misma que han sido atendidas oportunamente.<\/p>\n<p>Durante el feriado de carnaval y las festividades por el aniversario de la provincia que fue del 7 al 13 de febrero, el domingo 11 se registr\u00f3 el mayor n\u00famero de llamada de emergencia, indic\u00f3 el jefe del Ecu 911 Nueva Loja.<\/p>\n<p>En el tema del servicio de ambulancias, para atender las emergencias no hubo inconvenientes, ya que se ha coordinado dentro del plan del feriado, explico del teniente coronel Juan Carlos S\u00e1nchez, jefe del Ecu 911 Nueva Loja.<\/p>\n","protected":false},"excerpt":{"rendered":"<p>Se registra un incremento del 9%\u00a0 este a\u00f1o, seg\u00fan los datos comparativos entre el feriado de carnaval 2018 y 2017 de las llamadas de emergencias ingresadas a trav\u00e9s del Ecu 911 Nueva Loja, las autoridades aducen por las fiestas de provincializaci\u00f3n.<\/p>\n","protected":false},"author":1,"featured_media":1094,"comment_status":"open","ping_status":"closed","sticky":false,"template":"","format":"standard","meta":{"footnotes":""},"categories":[3,5],"tags":[],"class_list":["post-1093","post","type-post","status-publish","format-standard","has-post-thumbnail","hentry","category-noticias","category-sucumbios"],"_links":{"self":[{"href":"https:\/\/radiosucumbios.org.ec\/index.php?rest_route=\/wp\/v2\/posts\/1093","targetHints":{"allow":["GET"]}}],"collection":[{"href":"https:\/\/radiosucumbios.org.ec\/index.php?rest_route=\/wp\/v2\/posts"}],"about":[{"href":"https:\/\/radiosucumbios.org.ec\/index.php?rest_route=\/wp\/v2\/types\/post"}],"author":[{"embeddable":true,"href":"https:\/\/radiosucumbios.org.ec\/index.php?rest_route=\/wp\/v2\/users\/1"}],"replies":[{"embeddable":true,"href":"https:\/\/radiosucumbios.org.ec\/index.php?rest_route=%2Fwp%2Fv2%2Fcomments&post=1093"}],"version-history":[{"count":1,"href":"https:\/\/radiosucumbios.org.ec\/index.php?rest_route=\/wp\/v2\/posts\/1093\/revisions"}],"predecessor-version":[{"id":1095,"href":"https:\/\/radiosucumbios.org.ec\/index.php?rest_route=\/wp\/v2\/posts\/1093\/revisions\/1095"}],"wp:featuredmedia":[{"embeddable":true,"href":"https:\/\/radiosucumbios.org.ec\/index.php?rest_route=\/wp\/v2\/media\/1094"}],"wp:attachment":[{"href":"https:\/\/radiosucumbios.org.ec\/index.php?rest_route=%2Fwp%2Fv2%2Fmedia&parent=1093"}],"wp:term":[{"taxonomy":"category","embeddable":true,"href":"https:\/\/radiosucumbios.org.ec\/index.php?rest_route=%2Fwp%2Fv2%2Fcategories&post=1093"},{"taxonomy":"post_tag","embeddable":true,"href":"https:\/\/radiosucumbios.org.ec\/index.php?rest_route=%2Fwp%2Fv2%2Ftags&post=1093"}],"curies":[{"name":"wp","href":"https:\/\/api.w.org\/{rel}","templated":true}]}}