{"id":1097,"date":"2018-02-21T12:58:40","date_gmt":"2018-02-21T12:58:40","guid":{"rendered":"https:\/\/radiosucumbios.org.ec\/?p=1097"},"modified":"2018-02-21T13:02:06","modified_gmt":"2018-02-21T13:02:06","slug":"comite-pro-construccion-anillo-vial-jorge-aguilera-exige-informacion","status":"publish","type":"post","link":"https:\/\/radiosucumbios.org.ec\/?p=1097","title":{"rendered":"Comit\u00e9 pro-construcci\u00f3n anillo vial Jorge Aguilera exige informaci\u00f3n"},"content":{"rendered":"<p>Quienes conforman en comit\u00e9 pro-construcci\u00f3n anillo vial Jorge Aguilera exige informaci\u00f3n del convenio entre OCP y Municipio de Lago Agrio.<!--more--><\/p>\n<p><iframe id='audio_23947200' frameborder='0' allowfullscreen='' scrolling='no' height='200' style='border:1px solid #EEE; box-sizing:border-box; width:100%;' src=\"https:\/\/mx.ivoox.com\/es\/player_ej_23947200_4_1.html?c1=ff6600\"><\/iframe><\/p>\n<p>El pasado fin de semana los dirigentes de los barrios adyacentes al eje vial Jorge Aguilera desde la Estaci\u00f3n OCP recinto Buena Vista y v\u00eda Quito km 10 pertenecientes al cant\u00f3n Lago Agrio, convocaron a las autoridades para que explique sobre los recursos provenientes del convenio OCP, por la transportaci\u00f3n del crudo desde Colombia.<\/p>\n<p>&nbsp;<\/p>\n<p>Si bien actualmente se est\u00e1n realizando los trabajos de asfaltado, los dirigentes aducen que, a mayor transportaci\u00f3n mayor ingresos de recursos al fideicomiso para obras de compensaci\u00f3n social, por tal raz\u00f3n requieren informaci\u00f3n de las autoridades.<\/p>\n<p>&nbsp;<\/p>\n<h5>Para dar seguimiento a esto, se form\u00f3 un Comit\u00e9 Pro-construcci\u00f3n Anillo Vial Jorge Aguilera, presidida por el se\u00f1or Vicente Loyza, el mismo que se\u00f1ala que necesitan conocer el convenio entre OCP y el Municipio de Lago Agrio.<\/h5>\n<p>&nbsp;<\/p>\n<p>A la reuni\u00f3n, convocado por los dirigentes lleg\u00f3 el ingeniero Jorge Gua\u00f1a, director del Departamento de Obras P\u00fablicas, como delegado del alcalde del Municipio de Lago Agrio, el mismo que explic\u00f3 que los recursos provenientes de este convenio se maneja bajo un fideicomiso y el monto puede variar.<\/p>\n<p>&nbsp;<\/p>\n<p>Por su parte el director provincial del Ministerio de Trasportes y Obras P\u00fablicas, ingeniero Rob\u00edn Enr\u00edquez, asegur\u00f3 que desde la entidad se extendi\u00f3 la viabilidad t\u00e9cnica de los estudios del eje vial denominado Jorge Aguilera.<\/p>\n","protected":false},"excerpt":{"rendered":"<p>Quienes conforman en comit\u00e9 pro-construcci\u00f3n anillo vial Jorge Aguilera exige informaci\u00f3n del convenio entre OCP y Municipio de Lago Agrio.<\/p>\n","protected":false},"author":1,"featured_media":1098,"comment_status":"open","ping_status":"closed","sticky":false,"template":"","format":"standard","meta":{"footnotes":""},"categories":[3,5],"tags":[],"class_list":["post-1097","post","type-post","status-publish","format-standard","has-post-thumbnail","hentry","category-noticias","category-sucumbios"],"_links":{"self":[{"href":"https:\/\/radiosucumbios.org.ec\/index.php?rest_route=\/wp\/v2\/posts\/1097","targetHints":{"allow":["GET"]}}],"collection":[{"href":"https:\/\/radiosucumbios.org.ec\/index.php?rest_route=\/wp\/v2\/posts"}],"about":[{"href":"https:\/\/radiosucumbios.org.ec\/index.php?rest_route=\/wp\/v2\/types\/post"}],"author":[{"embeddable":true,"href":"https:\/\/radiosucumbios.org.ec\/index.php?rest_route=\/wp\/v2\/users\/1"}],"replies":[{"embeddable":true,"href":"https:\/\/radiosucumbios.org.ec\/index.php?rest_route=%2Fwp%2Fv2%2Fcomments&post=1097"}],"version-history":[{"count":3,"href":"https:\/\/radiosucumbios.org.ec\/index.php?rest_route=\/wp\/v2\/posts\/1097\/revisions"}],"predecessor-version":[{"id":1102,"href":"https:\/\/radiosucumbios.org.ec\/index.php?rest_route=\/wp\/v2\/posts\/1097\/revisions\/1102"}],"wp:featuredmedia":[{"embeddable":true,"href":"https:\/\/radiosucumbios.org.ec\/index.php?rest_route=\/wp\/v2\/media\/1098"}],"wp:attachment":[{"href":"https:\/\/radiosucumbios.org.ec\/index.php?rest_route=%2Fwp%2Fv2%2Fmedia&parent=1097"}],"wp:term":[{"taxonomy":"category","embeddable":true,"href":"https:\/\/radiosucumbios.org.ec\/index.php?rest_route=%2Fwp%2Fv2%2Fcategories&post=1097"},{"taxonomy":"post_tag","embeddable":true,"href":"https:\/\/radiosucumbios.org.ec\/index.php?rest_route=%2Fwp%2Fv2%2Ftags&post=1097"}],"curies":[{"name":"wp","href":"https:\/\/api.w.org\/{rel}","templated":true}]}}