{"id":1280,"date":"2018-04-09T11:57:53","date_gmt":"2018-04-09T11:57:53","guid":{"rendered":"https:\/\/radiosucumbios.org.ec\/?p=1280"},"modified":"2018-04-09T11:57:53","modified_gmt":"2018-04-09T11:57:53","slug":"puerto-providencia-entro-operaciones-oficialmente-desde-viernes-06-abril","status":"publish","type":"post","link":"https:\/\/radiosucumbios.org.ec\/?p=1280","title":{"rendered":"Puerto Providencia entr\u00f3 en operaciones oficialmente desde el viernes 06 de abril"},"content":{"rendered":"<p>Varios dirigentes de organizaciones sociales, gremios del transporte, del comercio, turismo y ciudadanos de la provincia de Sucumb\u00edos, fueron testigos de la puesta en operaciones de Puerto Providencia.<!--more--><\/p>\n<p>Puerto Providencia est\u00e1 ubicado en la rivera del rio Napo a 87 kil\u00f3metros desde la ciudad de Shushufindi, fue construido en un \u00e1rea de 48.600 metros cuadrados, cuenta con una terminal terrestre,\u00a0 rampa para barcaza de carga, parqueaderos, muelle de 75 metros que permitir\u00e1 la llegada de las embarcaciones de carga y pasajeros, adem\u00e1s de oficinas, entre otros servicios. Este Puerto, permitir\u00e1 la conexi\u00f3n internacional entre Ecuador, Per\u00fa, Colombia y Brasil, la misma que dinamizar\u00e1: el comercio y turismo, adem\u00e1s generar\u00e1 puestos de trabajo tanto internos y externos.<\/p>\n<p>El doctor Paul Granda, Ministro de Transportes y Obras P\u00fablicas, manifest\u00f3 que m\u00e1s de all\u00e1 de una infraestructura con todas las comodidades, el Puerto servir\u00e1 para generar y dinamizar la econom\u00eda, local y nacional, se pronostica que lleguen 25 embarcaciones por semana, para lo cual es necesario mejorar las carreteras que actualmente est\u00e1n en malas condiciones, reconoci\u00f3 el Ministro.<\/p>\n<p><iframe id='audio_25192666' frameborder='0' allowfullscreen='' scrolling='no' height='200' style='border:1px solid #EEE; box-sizing:border-box; width:100%;' src=\"https:\/\/mx.ivoox.com\/es\/player_ej_25192666_4_1.html?c1=ff6600\"><\/iframe><\/p>\n<p>Por su parte el alcalde Esgar Silvestre, record\u00f3 al Ministro y entreg\u00f3 una solicitud de mejoramiento de aproximadamente 5 puentes que est\u00e1n dentro del trazado Manta &#8211; Manaos &#8211; Puerto Providencia, incluido el puente de Jivino Verde.<\/p>\n","protected":false},"excerpt":{"rendered":"<p>Varios dirigentes de organizaciones sociales, gremios del transporte, del comercio, turismo y ciudadanos de la provincia de Sucumb\u00edos, fueron testigos de la puesta en operaciones de Puerto Providencia.<\/p>\n","protected":false},"author":1,"featured_media":1281,"comment_status":"open","ping_status":"closed","sticky":false,"template":"","format":"standard","meta":{"footnotes":""},"categories":[3,5],"tags":[],"class_list":["post-1280","post","type-post","status-publish","format-standard","has-post-thumbnail","hentry","category-noticias","category-sucumbios"],"_links":{"self":[{"href":"https:\/\/radiosucumbios.org.ec\/index.php?rest_route=\/wp\/v2\/posts\/1280","targetHints":{"allow":["GET"]}}],"collection":[{"href":"https:\/\/radiosucumbios.org.ec\/index.php?rest_route=\/wp\/v2\/posts"}],"about":[{"href":"https:\/\/radiosucumbios.org.ec\/index.php?rest_route=\/wp\/v2\/types\/post"}],"author":[{"embeddable":true,"href":"https:\/\/radiosucumbios.org.ec\/index.php?rest_route=\/wp\/v2\/users\/1"}],"replies":[{"embeddable":true,"href":"https:\/\/radiosucumbios.org.ec\/index.php?rest_route=%2Fwp%2Fv2%2Fcomments&post=1280"}],"version-history":[{"count":1,"href":"https:\/\/radiosucumbios.org.ec\/index.php?rest_route=\/wp\/v2\/posts\/1280\/revisions"}],"predecessor-version":[{"id":1282,"href":"https:\/\/radiosucumbios.org.ec\/index.php?rest_route=\/wp\/v2\/posts\/1280\/revisions\/1282"}],"wp:featuredmedia":[{"embeddable":true,"href":"https:\/\/radiosucumbios.org.ec\/index.php?rest_route=\/wp\/v2\/media\/1281"}],"wp:attachment":[{"href":"https:\/\/radiosucumbios.org.ec\/index.php?rest_route=%2Fwp%2Fv2%2Fmedia&parent=1280"}],"wp:term":[{"taxonomy":"category","embeddable":true,"href":"https:\/\/radiosucumbios.org.ec\/index.php?rest_route=%2Fwp%2Fv2%2Fcategories&post=1280"},{"taxonomy":"post_tag","embeddable":true,"href":"https:\/\/radiosucumbios.org.ec\/index.php?rest_route=%2Fwp%2Fv2%2Ftags&post=1280"}],"curies":[{"name":"wp","href":"https:\/\/api.w.org\/{rel}","templated":true}]}}