{"id":1299,"date":"2018-04-10T12:52:51","date_gmt":"2018-04-10T12:52:51","guid":{"rendered":"https:\/\/radiosucumbios.org.ec\/?p=1299"},"modified":"2018-04-10T16:19:29","modified_gmt":"2018-04-10T16:19:29","slug":"nueve-personas-detenidas-maltratos-fisicos-denuncian-habitantes-la-via-al-guanta","status":"publish","type":"post","link":"https:\/\/radiosucumbios.org.ec\/?p=1299","title":{"rendered":"Nueve personas detenidas y maltratos f\u00edsicos denuncian habitantes de la v\u00eda al Guanta"},"content":{"rendered":"<p>El lunes 09 de abril a las 11h30 horas aproximadamente, habitantes de las comunidades de la v\u00eda al Guanta quienes se manten\u00edan en una medida de hecho desde el jueves anterior, fueron desalojados de la v\u00eda donde se encontraban a la altura del recinto Rivere\u00f1os 2, posteriormente en la comunidad Sinchi Urco.<!--more--><\/p>\n<p>Al sitio acudi\u00f3 un piquete anti motines de aproximadamente 150 miembros, los mismos que habr\u00edan actuado, utilizando la fuerza ya que los habitantes no cedieron en el desalojo; la posici\u00f3n de los manifestantes ha provocado la detenci\u00f3n de 9 personas entre ellos dos mujeres y una ciudadano de la tercera edad.<\/p>\n<p>Luego del maltrato lo habitantes de las comunidades quedaron atemorizados y rechazaban la disposici\u00f3n de las autoridades, muchos no quer\u00edan ni hablar para los medios de comunicaci\u00f3n, ante el temor de ser detenidos, sin embrago uno de los ciudadanos se atrevi\u00f3 a contar como fueron maltratados.<\/p>\n<h6><strong>Escuche la nota:<\/strong><\/h6>\n<p><iframe loading=\"lazy\" id=\"audio_25219700\" style=\"border: 1px solid #EEE; box-sizing: border-box; width: 100%;\" src=\"https:\/\/mx.ivoox.com\/es\/player_ej_25219700_4_1.html?c1=ff6600\" width=\"300\" height=\"200\" frameborder=\"0\" scrolling=\"no\" allowfullscreen=\"allowfullscreen\"><\/iframe><\/p>\n<p>Seg\u00fan el C\u00f3digo Integral Penal estos hechos est\u00e1n considerados como Delitos contra la seguridad p\u00fablica los mismos que pueden ser sancionados seg\u00fan el art\u00edculo 336 y podr\u00edan ser sanciones con pena privativa de libertad de cinco a siete a\u00f1os.<\/p>\n<p>&nbsp;<\/p>\n<h5>El se\u00f1or Guido Vargas Prefecto de la provincia de Sucumb\u00edos, previo al desalojo de los moradores que manten\u00edan una medida de hecho en la v\u00eda al Guanta.<\/h5>\n<p><iframe loading=\"lazy\" id=\"audio_25221802\" style=\"border: 1px solid #EEE; box-sizing: border-box; width: 100%;\" src=\"https:\/\/mx.ivoox.com\/es\/player_ej_25221802_4_1.html?c1=ff6600\" width=\"300\" height=\"200\" frameborder=\"0\" scrolling=\"no\" allowfullscreen=\"allowfullscreen\"><\/iframe><\/p>\n<h5>TESTIMONIOS:<\/h5>\n<p>A continuaci\u00f3n les presentamos un video que public\u00f3 TV Cisne (Canal de Sucumb\u00edos) \u00a0en su p\u00e1gina de Facebook.<br \/>\n<iframe loading=\"lazy\" style=\"border: none; overflow: hidden;\" src=\"https:\/\/www.facebook.com\/plugins\/video.php?href=https%3A%2F%2Fwww.facebook.com%2FTVCISNE%2Fvideos%2F1216537731809973%2F&amp;show_text=1&amp;width=560\" width=\"560\" height=\"477\" frameborder=\"0\" scrolling=\"no\" allowfullscreen=\"allowfullscreen\"><\/iframe><\/p>\n","protected":false},"excerpt":{"rendered":"<p>El lunes 09 de abril a las 11h30 horas aproximadamente, habitantes de las comunidades de la v\u00eda al Guanta quienes se manten\u00edan en una medida de hecho desde el jueves anterior, fueron desalojados de la v\u00eda donde se encontraban a la altura del recinto Rivere\u00f1os 2, posteriormente en la comunidad Sinchi Urco.<\/p>\n","protected":false},"author":1,"featured_media":1300,"comment_status":"open","ping_status":"closed","sticky":false,"template":"","format":"standard","meta":{"footnotes":""},"categories":[3,5],"tags":[62,64,65,14,63],"class_list":["post-1299","post","type-post","status-publish","format-standard","has-post-thumbnail","hentry","category-noticias","category-sucumbios","tag-desalojo","tag-guido-vargas","tag-roberth-gallegos","tag-sucumbios","tag-via-al-guanta"],"_links":{"self":[{"href":"https:\/\/radiosucumbios.org.ec\/index.php?rest_route=\/wp\/v2\/posts\/1299","targetHints":{"allow":["GET"]}}],"collection":[{"href":"https:\/\/radiosucumbios.org.ec\/index.php?rest_route=\/wp\/v2\/posts"}],"about":[{"href":"https:\/\/radiosucumbios.org.ec\/index.php?rest_route=\/wp\/v2\/types\/post"}],"author":[{"embeddable":true,"href":"https:\/\/radiosucumbios.org.ec\/index.php?rest_route=\/wp\/v2\/users\/1"}],"replies":[{"embeddable":true,"href":"https:\/\/radiosucumbios.org.ec\/index.php?rest_route=%2Fwp%2Fv2%2Fcomments&post=1299"}],"version-history":[{"count":5,"href":"https:\/\/radiosucumbios.org.ec\/index.php?rest_route=\/wp\/v2\/posts\/1299\/revisions"}],"predecessor-version":[{"id":1313,"href":"https:\/\/radiosucumbios.org.ec\/index.php?rest_route=\/wp\/v2\/posts\/1299\/revisions\/1313"}],"wp:featuredmedia":[{"embeddable":true,"href":"https:\/\/radiosucumbios.org.ec\/index.php?rest_route=\/wp\/v2\/media\/1300"}],"wp:attachment":[{"href":"https:\/\/radiosucumbios.org.ec\/index.php?rest_route=%2Fwp%2Fv2%2Fmedia&parent=1299"}],"wp:term":[{"taxonomy":"category","embeddable":true,"href":"https:\/\/radiosucumbios.org.ec\/index.php?rest_route=%2Fwp%2Fv2%2Fcategories&post=1299"},{"taxonomy":"post_tag","embeddable":true,"href":"https:\/\/radiosucumbios.org.ec\/index.php?rest_route=%2Fwp%2Fv2%2Ftags&post=1299"}],"curies":[{"name":"wp","href":"https:\/\/api.w.org\/{rel}","templated":true}]}}