{"id":1302,"date":"2018-04-10T13:09:32","date_gmt":"2018-04-10T13:09:32","guid":{"rendered":"https:\/\/radiosucumbios.org.ec\/?p=1302"},"modified":"2018-04-10T16:35:05","modified_gmt":"2018-04-10T16:35:05","slug":"orden-desalojo-se-dio-denuncia-dirigente-afin-al-prefecto-guido-vargas","status":"publish","type":"post","link":"https:\/\/radiosucumbios.org.ec\/?p=1302","title":{"rendered":"Orden de desalojo se dio por denuncia de un dirigente af\u00edn al Prefecto Guido Vargas"},"content":{"rendered":"<p>Con fecha 05 abril de 2018, el se\u00f1or Carlos Alfredo Acosta Mart\u00ednez, af\u00edn al prefecto de Sucumb\u00edos Guido Vargas, present\u00f3 en la fiscal\u00eda de Sucumb\u00edos, una denuncia que textualmente dice.<!--more--><\/p>\n<p>\u201c<em>que personas no identificadas en un grupo de 40 personas m\u00e1s o menos, han procedido a cerrar la v\u00eda de acceso p\u00fablico al guanta, aduciendo que no quieren que el Consejo Provincial realice el asfalto de la v\u00eda principal, por lo que en calidad de presidente de la v\u00eda al Guanta, solicito fiscal se realice la diligencias que sean necesarias a fin de que se abra el acceso de la v\u00eda para que la prefectura de Sucumb\u00edos contin\u00fae con los trabajos<\/em>\u201d.<\/p>\n<p>Ese mismo d\u00eda 5 de abril, como un acto urgente, el fiscal de la Unidad de Servicio de Atenci\u00f3n Integral abogado \u00c1ngel Montesdeoca Peralta, dispone al comandante provincial de polic\u00eda proceda a verificar lo denunciado por el se\u00f1or Carlos Acosta que apoya al prefecto Guido Vargas, y que respetando las garant\u00edas y derechos constitucionales, proceda al desalojo de las personas que se encuentren obstruyendo las labores mencionadas.<\/p>\n<h4>Detenidos de la v\u00eda al Guanta denunciados por delincuencia organizada<\/h4>\n<p>N\u00f3mina de detenidos durante el desalojo del paro en la v\u00eda al Guanta, la denuncia fue presentada en la fiscal\u00eda de Sucumb\u00edos, por se\u00f1or Carlos Acosta que preside directorio reci\u00e9n electo de la v\u00eda al Guanta, directorio af\u00edn el prefecto de Sucumb\u00edos<\/p>\n<p>Rosa Mercedes Tibanlombo, de las Delicias 40 a\u00f1os<\/p>\n<p>Juan Tibanlombo, de las Delicias 50 a\u00f1os<\/p>\n<p>Guido Guaranda, de las Delicias 54 a\u00f1os<\/p>\n<p>Rosendo Vite de las Delicias 35 a\u00f1os<\/p>\n<p>Vicente Vite, de las Delicias 38 a\u00f1os<\/p>\n<p>Crist\u00f3bal Utitiac, de las Delicias 32 a\u00f1os<\/p>\n<p>Rosario Ponce, de Nueva Juventud 35 a\u00f1os<\/p>\n<p>Agust\u00edn Capuz, de Rivere\u00f1os No 1,\u00a0\u00a0\u00a070 a\u00f1os<\/p>\n<p>Miguel Bravo, del recinto Jubones 40 a\u00f1os<\/p>\n<h5>FISCAL\u00cdA<\/h5>\n<p>Orden de desalojo se dio por disposici\u00f3n de la fiscal\u00eda, (seg\u00fan los documentos), en la que tambi\u00e9n intervino el prefecto Guido Vargas, conforme lo se\u00f1al\u00f3 en audiencia p\u00fablica del GPS.<\/p>\n<p><img loading=\"lazy\" decoding=\"async\" class=\"alignleft wp-image-1311\" src=\"https:\/\/radiosucumbios.org.ec\/wp-content\/uploads\/2018\/04\/IMG-20180409-WA0073-200x300.jpg\" alt=\"\" width=\"303\" height=\"452\" \/> <img loading=\"lazy\" decoding=\"async\" class=\"alignnone wp-image-1312\" src=\"https:\/\/radiosucumbios.org.ec\/wp-content\/uploads\/2018\/04\/IMG-20180409-WA0074-209x300.jpg\" alt=\"\" width=\"318\" height=\"456\" srcset=\"https:\/\/radiosucumbios.org.ec\/wp-content\/uploads\/2018\/04\/IMG-20180409-WA0074-209x300.jpg 209w, https:\/\/radiosucumbios.org.ec\/wp-content\/uploads\/2018\/04\/IMG-20180409-WA0074-712x1024.jpg 712w, https:\/\/radiosucumbios.org.ec\/wp-content\/uploads\/2018\/04\/IMG-20180409-WA0074.jpg 890w\" sizes=\"auto, (max-width: 318px) 100vw, 318px\" \/><\/p>\n<p><iframe loading=\"lazy\" id=\"audio_25221802\" style=\"border: 1px solid #EEE; box-sizing: border-box; width: 100%;\" src=\"https:\/\/mx.ivoox.com\/es\/player_ej_25221802_4_1.html?c1=ff6600\" width=\"300\" height=\"200\" frameborder=\"0\" scrolling=\"no\" allowfullscreen=\"allowfullscreen\"><\/iframe><\/p>\n<h5>GOBERNACI\u00d3N<\/h5>\n<p>El gobernador Robert Gallegos, se\u00f1al\u00f3 que para el desalojo de los campesinos del Guanta, se ha cumplido con la disposici\u00f3n emanada por la autoridad competente, bajo pedido de la autoridad provincial y del ciudadano que present\u00f3 la denuncia<\/p>\n<p>Garantiz\u00f3 el trato digno de los detenidos, y dijo seguir abierto a los di\u00e1logos<\/p>\n<p><iframe loading=\"lazy\" id=\"audio_25220001\" style=\"border: 1px solid #EEE; box-sizing: border-box; width: 100%;\" src=\"https:\/\/mx.ivoox.com\/es\/player_ej_25220001_4_1.html?c1=ff6600\" width=\"300\" height=\"200\" frameborder=\"0\" scrolling=\"no\" allowfullscreen=\"allowfullscreen\"><\/iframe><\/p>\n","protected":false},"excerpt":{"rendered":"<p>Con fecha 05 abril de 2018, el se\u00f1or Carlos Alfredo Acosta Mart\u00ednez, af\u00edn al prefecto de Sucumb\u00edos Guido Vargas, present\u00f3 en la fiscal\u00eda de Sucumb\u00edos, una denuncia que textualmente dice.<\/p>\n","protected":false},"author":1,"featured_media":1303,"comment_status":"open","ping_status":"closed","sticky":false,"template":"","format":"standard","meta":{"footnotes":""},"categories":[3,5],"tags":[66,64,14,63],"class_list":["post-1302","post","type-post","status-publish","format-standard","has-post-thumbnail","hentry","category-noticias","category-sucumbios","tag-detenidos","tag-guido-vargas","tag-sucumbios","tag-via-al-guanta"],"_links":{"self":[{"href":"https:\/\/radiosucumbios.org.ec\/index.php?rest_route=\/wp\/v2\/posts\/1302","targetHints":{"allow":["GET"]}}],"collection":[{"href":"https:\/\/radiosucumbios.org.ec\/index.php?rest_route=\/wp\/v2\/posts"}],"about":[{"href":"https:\/\/radiosucumbios.org.ec\/index.php?rest_route=\/wp\/v2\/types\/post"}],"author":[{"embeddable":true,"href":"https:\/\/radiosucumbios.org.ec\/index.php?rest_route=\/wp\/v2\/users\/1"}],"replies":[{"embeddable":true,"href":"https:\/\/radiosucumbios.org.ec\/index.php?rest_route=%2Fwp%2Fv2%2Fcomments&post=1302"}],"version-history":[{"count":7,"href":"https:\/\/radiosucumbios.org.ec\/index.php?rest_route=\/wp\/v2\/posts\/1302\/revisions"}],"predecessor-version":[{"id":1318,"href":"https:\/\/radiosucumbios.org.ec\/index.php?rest_route=\/wp\/v2\/posts\/1302\/revisions\/1318"}],"wp:featuredmedia":[{"embeddable":true,"href":"https:\/\/radiosucumbios.org.ec\/index.php?rest_route=\/wp\/v2\/media\/1303"}],"wp:attachment":[{"href":"https:\/\/radiosucumbios.org.ec\/index.php?rest_route=%2Fwp%2Fv2%2Fmedia&parent=1302"}],"wp:term":[{"taxonomy":"category","embeddable":true,"href":"https:\/\/radiosucumbios.org.ec\/index.php?rest_route=%2Fwp%2Fv2%2Fcategories&post=1302"},{"taxonomy":"post_tag","embeddable":true,"href":"https:\/\/radiosucumbios.org.ec\/index.php?rest_route=%2Fwp%2Fv2%2Ftags&post=1302"}],"curies":[{"name":"wp","href":"https:\/\/api.w.org\/{rel}","templated":true}]}}