{"id":1353,"date":"2018-04-17T20:54:46","date_gmt":"2018-04-17T20:54:46","guid":{"rendered":"https:\/\/radiosucumbios.org.ec\/?p=1353"},"modified":"2018-04-17T21:02:06","modified_gmt":"2018-04-17T21:02:06","slug":"asamblea-provincial-veto-presidencial-la-ley-amazonica","status":"publish","type":"post","link":"https:\/\/radiosucumbios.org.ec\/?p=1353","title":{"rendered":"Asamblea provincial \u00a0por el veto presidencial a la Ley Amaz\u00f3nica"},"content":{"rendered":"<p>Los \u00faltimos acontecimientos ocurridos en la zona fronteriza y el veto a la Ley Especial Amaz\u00f3nica, motivan la convocatoria a una asamblea ampliada para el 23 de abril del presente a\u00f1o en la ciudad de Nueva Loja.<!--more--><\/p>\n<p>El prefecto de Sucumb\u00edos Guido Vargas, se mostr\u00f3 cauto a la\u00a0 hora de opinar sobre el veto presidencial a la Ley Especial de la Amazon\u00eda.<\/p>\n<p>Para la asamblea del 23 de abril se cursaron invitaciones al presidente de la rep\u00fablica y ministros de estado para que expliquen el veto parcial emitido a la ley Amaz\u00f3nica, se\u00f1ala el prefecto<\/p>\n<p><iframe loading=\"lazy\" id=\"audio_25410880\" style=\"border: 1px solid #EEE; box-sizing: border-box; width: 100%;\" src=\"https:\/\/mx.ivoox.com\/es\/player_ej_25410880_4_1.html?c1=ff6600\" width=\"300\" height=\"200\" frameborder=\"0\" scrolling=\"no\" allowfullscreen=\"allowfullscreen\"><\/iframe><\/p>\n<h6>Vinicio Vega, calific\u00f3 de una burla el veto parcial emitido por el presidente Lenin Moreno.<\/h6>\n<p>Sin por la ley Amaz\u00f3nica no se pueden asignar recursos, proponen reactivar la ley de frontera amparada en el art\u00edculo 249 de la constituci\u00f3n de la Rep\u00fablica de Ecuador<br \/>\n<iframe id='audio_25410965' frameborder='0' allowfullscreen='' scrolling='no' height='200' style='border:1px solid #EEE; box-sizing:border-box; width:100%;' src=\"https:\/\/mx.ivoox.com\/es\/player_ej_25410965_4_1.html?c1=ff6600\"><\/iframe><\/p>\n<p><img loading=\"lazy\" decoding=\"async\" class=\"alignleft wp-image-1356\" src=\"https:\/\/radiosucumbios.org.ec\/wp-content\/uploads\/2018\/04\/carta-213x300.jpg\" alt=\"\" width=\"619\" height=\"872\" srcset=\"https:\/\/radiosucumbios.org.ec\/wp-content\/uploads\/2018\/04\/carta-213x300.jpg 213w, https:\/\/radiosucumbios.org.ec\/wp-content\/uploads\/2018\/04\/carta-726x1024.jpg 726w\" sizes=\"auto, (max-width: 619px) 100vw, 619px\" \/><\/p>\n<p>&nbsp;<\/p>\n","protected":false},"excerpt":{"rendered":"<p>Los \u00faltimos acontecimientos ocurridos en la zona fronteriza y el veto a la Ley Especial Amaz\u00f3nica, motivan la convocatoria a una asamblea ampliada para el 23 de abril del presente a\u00f1o en la ciudad de Nueva Loja.<\/p>\n","protected":false},"author":1,"featured_media":1354,"comment_status":"open","ping_status":"closed","sticky":false,"template":"","format":"audio","meta":{"footnotes":""},"categories":[3,5],"tags":[],"class_list":["post-1353","post","type-post","status-publish","format-audio","has-post-thumbnail","hentry","category-noticias","category-sucumbios","post_format-post-format-audio"],"_links":{"self":[{"href":"https:\/\/radiosucumbios.org.ec\/index.php?rest_route=\/wp\/v2\/posts\/1353","targetHints":{"allow":["GET"]}}],"collection":[{"href":"https:\/\/radiosucumbios.org.ec\/index.php?rest_route=\/wp\/v2\/posts"}],"about":[{"href":"https:\/\/radiosucumbios.org.ec\/index.php?rest_route=\/wp\/v2\/types\/post"}],"author":[{"embeddable":true,"href":"https:\/\/radiosucumbios.org.ec\/index.php?rest_route=\/wp\/v2\/users\/1"}],"replies":[{"embeddable":true,"href":"https:\/\/radiosucumbios.org.ec\/index.php?rest_route=%2Fwp%2Fv2%2Fcomments&post=1353"}],"version-history":[{"count":4,"href":"https:\/\/radiosucumbios.org.ec\/index.php?rest_route=\/wp\/v2\/posts\/1353\/revisions"}],"predecessor-version":[{"id":1359,"href":"https:\/\/radiosucumbios.org.ec\/index.php?rest_route=\/wp\/v2\/posts\/1353\/revisions\/1359"}],"wp:featuredmedia":[{"embeddable":true,"href":"https:\/\/radiosucumbios.org.ec\/index.php?rest_route=\/wp\/v2\/media\/1354"}],"wp:attachment":[{"href":"https:\/\/radiosucumbios.org.ec\/index.php?rest_route=%2Fwp%2Fv2%2Fmedia&parent=1353"}],"wp:term":[{"taxonomy":"category","embeddable":true,"href":"https:\/\/radiosucumbios.org.ec\/index.php?rest_route=%2Fwp%2Fv2%2Fcategories&post=1353"},{"taxonomy":"post_tag","embeddable":true,"href":"https:\/\/radiosucumbios.org.ec\/index.php?rest_route=%2Fwp%2Fv2%2Ftags&post=1353"}],"curies":[{"name":"wp","href":"https:\/\/api.w.org\/{rel}","templated":true}]}}