{"id":1383,"date":"2018-04-20T12:36:14","date_gmt":"2018-04-20T12:36:14","guid":{"rendered":"https:\/\/radiosucumbios.org.ec\/?p=1383"},"modified":"2018-04-20T12:46:33","modified_gmt":"2018-04-20T12:46:33","slug":"pueblo-awa-sucumbios-busca-conformar-una-federacion-provincial","status":"publish","type":"post","link":"https:\/\/radiosucumbios.org.ec\/?p=1383","title":{"rendered":"Pueblo AWA en Sucumb\u00edos busca conformar una Federaci\u00f3n Provincial"},"content":{"rendered":"<p>El pueblo Awa reconocido hace poco tiempo en la provincia de Sucumb\u00edos, ahora busca conformar una Federaci\u00f3n provincial, con la finalidad de reunir a todas las agrupaciones de esta nacionalidad que se encuentran dispersas en las distintas comunidades de la Provincia.<!--more--><\/p>\n<p>Esta poblaci\u00f3n, vivi\u00f3 por muchos a\u00f1os sin ser identificado como tal, desconociendo as\u00ed de su existencia, pero hace unos 5 a\u00f1os atr\u00e1s sus dirigentes decidieron ser visibilizados y ser tomados en cuenta por la sociedad y las autoridades<\/p>\n<h5>TESTIMONIO<\/h5>\n<p>Daniel Ordo\u00f1ez, presidente de una las comunidades y gestor de otras que ahora ya tienen vida jur\u00eddica, manifest\u00f3 que hasta el momento ya cuentan con tres comunidades con personer\u00eda jur\u00eddica y en proceso existe dos comunidades m\u00e1s.<\/p>\n<p>La nacionalidad ind\u00edgena Awa, est\u00e1n identificados al menos en 5 comunidades de la provincia de Sucumb\u00edos, pero lamentablemente no est\u00e1n reconocidos, pero ahora ya est\u00e1n en proceso de reconocimiento de estas comunidades para lograr la vida jur\u00eddica.<\/p>\n<p><iframe id='audio_25521708' frameborder='0' allowfullscreen='' scrolling='no' height='200' style='border:1px solid #EEE; box-sizing:border-box; width:100%;' src=\"https:\/\/mx.ivoox.com\/es\/player_ej_25521708_4_1.html?c1=ff6600\"><\/iframe><\/p>\n<p>Pedro Cantincuz, esta parte del pueblo Awa y reconoce que a su edad ya se est\u00e1n olvidando de sus costumbres y su cultura incluso su propio idioma y ahora con estos procesos de legalizaci\u00f3n han retomado para poner en pr\u00e1ctica las cosas ancestrales.<\/p>\n<p><iframe id='audio_25521750' frameborder='0' allowfullscreen='' scrolling='no' height='200' style='border:1px solid #EEE; box-sizing:border-box; width:100%;' src=\"https:\/\/mx.ivoox.com\/es\/player_ej_25521750_4_1.html?c1=ff6600\"><\/iframe><\/p>\n","protected":false},"excerpt":{"rendered":"<p>El pueblo Awa reconocido hace poco tiempo en la provincia de Sucumb\u00edos, ahora busca conformar una Federaci\u00f3n provincial, con la finalidad de reunir a todas las agrupaciones de esta nacionalidad que se encuentran dispersas en las distintas comunidades de la Provincia.<\/p>\n","protected":false},"author":1,"featured_media":1384,"comment_status":"open","ping_status":"closed","sticky":false,"template":"","format":"audio","meta":{"footnotes":""},"categories":[10],"tags":[78,14],"class_list":["post-1383","post","type-post","status-publish","format-audio","has-post-thumbnail","hentry","category-interculturalidad","tag-awa","tag-sucumbios","post_format-post-format-audio"],"_links":{"self":[{"href":"https:\/\/radiosucumbios.org.ec\/index.php?rest_route=\/wp\/v2\/posts\/1383","targetHints":{"allow":["GET"]}}],"collection":[{"href":"https:\/\/radiosucumbios.org.ec\/index.php?rest_route=\/wp\/v2\/posts"}],"about":[{"href":"https:\/\/radiosucumbios.org.ec\/index.php?rest_route=\/wp\/v2\/types\/post"}],"author":[{"embeddable":true,"href":"https:\/\/radiosucumbios.org.ec\/index.php?rest_route=\/wp\/v2\/users\/1"}],"replies":[{"embeddable":true,"href":"https:\/\/radiosucumbios.org.ec\/index.php?rest_route=%2Fwp%2Fv2%2Fcomments&post=1383"}],"version-history":[{"count":2,"href":"https:\/\/radiosucumbios.org.ec\/index.php?rest_route=\/wp\/v2\/posts\/1383\/revisions"}],"predecessor-version":[{"id":1386,"href":"https:\/\/radiosucumbios.org.ec\/index.php?rest_route=\/wp\/v2\/posts\/1383\/revisions\/1386"}],"wp:featuredmedia":[{"embeddable":true,"href":"https:\/\/radiosucumbios.org.ec\/index.php?rest_route=\/wp\/v2\/media\/1384"}],"wp:attachment":[{"href":"https:\/\/radiosucumbios.org.ec\/index.php?rest_route=%2Fwp%2Fv2%2Fmedia&parent=1383"}],"wp:term":[{"taxonomy":"category","embeddable":true,"href":"https:\/\/radiosucumbios.org.ec\/index.php?rest_route=%2Fwp%2Fv2%2Fcategories&post=1383"},{"taxonomy":"post_tag","embeddable":true,"href":"https:\/\/radiosucumbios.org.ec\/index.php?rest_route=%2Fwp%2Fv2%2Ftags&post=1383"}],"curies":[{"name":"wp","href":"https:\/\/api.w.org\/{rel}","templated":true}]}}