{"id":1538,"date":"2018-06-08T11:55:40","date_gmt":"2018-06-08T11:55:40","guid":{"rendered":"https:\/\/radiosucumbios.org.ec\/?p=1538"},"modified":"2018-06-08T12:39:11","modified_gmt":"2018-06-08T12:39:11","slug":"abogado-jorge-acero-nombrado-defensor-del-pueblo-sucumbios","status":"publish","type":"post","link":"https:\/\/radiosucumbios.org.ec\/?p=1538","title":{"rendered":"Abogado Jorge Acero fu\u00e9 nombrado defensor del pueblo de Sucumb\u00edos"},"content":{"rendered":"<p>El conocido abogado Jorge Acero activista en la defensa de los derechos humanos de la provincia y el pa\u00eds, fue designado defensor del pueblo de la provincia de Sucumb\u00edos<!--more--><\/p>\n<p>Acero venia colaborando como asesor de la defensora nacional del pueblo.<\/p>\n<p>El nuevo defensor del pueblo de Sucumb\u00edos, se\u00f1ala que su primera tarea ser\u00e1 recuperar el rol de la instituci\u00f3n a favor de la defensa de los derechos humanos de las personas y organizaciones que han demandado protecci\u00f3n del estado y no han sido escuchadas<\/p>\n<p>La nueva administraci\u00f3n de la defensora nacional del pueblo Gina Benavides, busca deslindar a la instituci\u00f3n del ejecutivo y ponerse de lado de la sociedad civil, sostiene Jorge Acero<\/p>\n<p><iframe loading=\"lazy\" id=\"audio_26426703\" style=\"border: 1px solid #EEE; box-sizing: border-box; width: 100%;\" src=\"https:\/\/mx.ivoox.com\/es\/player_ej_26426703_4_1.html?c1=ff6600\" width=\"300\" height=\"200\" frameborder=\"0\" scrolling=\"no\" allowfullscreen=\"allowfullscreen\"><\/iframe><\/p>\n","protected":false},"excerpt":{"rendered":"<p>El conocido abogado Jorge Acero activista en la defensa de los derechos humanos de la provincia y el pa\u00eds, fue designado defensor del pueblo de la provincia de Sucumb\u00edos<\/p>\n","protected":false},"author":1,"featured_media":1539,"comment_status":"open","ping_status":"closed","sticky":false,"template":"","format":"standard","meta":{"footnotes":""},"categories":[3,5],"tags":[],"class_list":["post-1538","post","type-post","status-publish","format-standard","has-post-thumbnail","hentry","category-noticias","category-sucumbios"],"_links":{"self":[{"href":"https:\/\/radiosucumbios.org.ec\/index.php?rest_route=\/wp\/v2\/posts\/1538","targetHints":{"allow":["GET"]}}],"collection":[{"href":"https:\/\/radiosucumbios.org.ec\/index.php?rest_route=\/wp\/v2\/posts"}],"about":[{"href":"https:\/\/radiosucumbios.org.ec\/index.php?rest_route=\/wp\/v2\/types\/post"}],"author":[{"embeddable":true,"href":"https:\/\/radiosucumbios.org.ec\/index.php?rest_route=\/wp\/v2\/users\/1"}],"replies":[{"embeddable":true,"href":"https:\/\/radiosucumbios.org.ec\/index.php?rest_route=%2Fwp%2Fv2%2Fcomments&post=1538"}],"version-history":[{"count":3,"href":"https:\/\/radiosucumbios.org.ec\/index.php?rest_route=\/wp\/v2\/posts\/1538\/revisions"}],"predecessor-version":[{"id":1546,"href":"https:\/\/radiosucumbios.org.ec\/index.php?rest_route=\/wp\/v2\/posts\/1538\/revisions\/1546"}],"wp:featuredmedia":[{"embeddable":true,"href":"https:\/\/radiosucumbios.org.ec\/index.php?rest_route=\/wp\/v2\/media\/1539"}],"wp:attachment":[{"href":"https:\/\/radiosucumbios.org.ec\/index.php?rest_route=%2Fwp%2Fv2%2Fmedia&parent=1538"}],"wp:term":[{"taxonomy":"category","embeddable":true,"href":"https:\/\/radiosucumbios.org.ec\/index.php?rest_route=%2Fwp%2Fv2%2Fcategories&post=1538"},{"taxonomy":"post_tag","embeddable":true,"href":"https:\/\/radiosucumbios.org.ec\/index.php?rest_route=%2Fwp%2Fv2%2Ftags&post=1538"}],"curies":[{"name":"wp","href":"https:\/\/api.w.org\/{rel}","templated":true}]}}