{"id":1555,"date":"2018-06-12T16:59:33","date_gmt":"2018-06-12T16:59:33","guid":{"rendered":"https:\/\/radiosucumbios.org.ec\/?p=1555"},"modified":"2018-06-12T16:59:33","modified_gmt":"2018-06-12T16:59:33","slug":"ministro-trabajo-interviene-despido-trabajadores-del-gobierno-provincial-sucumbios","status":"publish","type":"post","link":"https:\/\/radiosucumbios.org.ec\/?p=1555","title":{"rendered":"Ministro de trabajo interviene en el despido de trabajadores del Gobierno Provincial de Sucumb\u00edos."},"content":{"rendered":"<p>El Ministro de Trabajo interviene en la demanda de los trabajadores despedidos del Gobierno Provincial de Sucumb\u00edos, y nombra al Dr. Alex Cordov\u00e9z Holguin como nuevo presidente del Tribunal Superior de Arbitraje para que resuelva esta misma semana el caso que lleva 11 meses de litigio.<!--more--><\/p>\n<p>La ma\u00f1ana de ayer 11 de junio el funcionario designado avoc\u00f3 conocimiento de la causa y resolvi\u00f3 convocar para ma\u00f1ana mi\u00e9rcoles 13 de junio a las 10 de la ma\u00f1ana, a la audiencia del tribunal superior de conciliaci\u00f3n y arbitraje donde se resolver\u00e1 en \u00faltima instancia, la demanda laboral interpuesta por los trabajadores despedidos del Gobierno Provincial de Sucumb\u00edos.<\/p>\n<p>Romel Alverca presidente de la Federaci\u00f3n de Organizaciones Sindicales de Sucumb\u00edos, expres\u00f3 la confianza que en la audiencia de este mi\u00e9rcoles, el tribunal superior de conciliaci\u00f3n y arbitraje, fallar\u00e1 a favor de los trabajadores despedidos por el prefecto Guido Vargas.<\/p>\n<p>Henry Espa\u00f1a secretario general del Sindicato de Trabajadores del Gobierno provincial de Sucumb\u00edos, ratific\u00f3 el compromiso de unidad de los agremiados para hacer respetar sus derechos que fueron vulnerados por el prefecto provincial<\/p>\n<p>En los trabajadores despedidos del Gobierno Provincial de Sucumb\u00edos exist\u00eda preocupaci\u00f3n por la suspensi\u00f3n de la audiencia del viernes \u00faltimo por una supuesta calamidad dom\u00e9stica del presidente del Tribunal designado para dicha audiencia<\/p>\n","protected":false},"excerpt":{"rendered":"<p>El Ministro de Trabajo interviene en la demanda de los trabajadores despedidos del Gobierno Provincial de Sucumb\u00edos, y nombra al Dr. Alex Cordov\u00e9z Holguin como nuevo presidente del Tribunal Superior de Arbitraje para que resuelva esta misma semana el caso que lleva 11 meses de litigio.<\/p>\n","protected":false},"author":1,"featured_media":1556,"comment_status":"open","ping_status":"closed","sticky":false,"template":"","format":"standard","meta":{"footnotes":""},"categories":[3,5],"tags":[],"class_list":["post-1555","post","type-post","status-publish","format-standard","has-post-thumbnail","hentry","category-noticias","category-sucumbios"],"_links":{"self":[{"href":"https:\/\/radiosucumbios.org.ec\/index.php?rest_route=\/wp\/v2\/posts\/1555","targetHints":{"allow":["GET"]}}],"collection":[{"href":"https:\/\/radiosucumbios.org.ec\/index.php?rest_route=\/wp\/v2\/posts"}],"about":[{"href":"https:\/\/radiosucumbios.org.ec\/index.php?rest_route=\/wp\/v2\/types\/post"}],"author":[{"embeddable":true,"href":"https:\/\/radiosucumbios.org.ec\/index.php?rest_route=\/wp\/v2\/users\/1"}],"replies":[{"embeddable":true,"href":"https:\/\/radiosucumbios.org.ec\/index.php?rest_route=%2Fwp%2Fv2%2Fcomments&post=1555"}],"version-history":[{"count":1,"href":"https:\/\/radiosucumbios.org.ec\/index.php?rest_route=\/wp\/v2\/posts\/1555\/revisions"}],"predecessor-version":[{"id":1557,"href":"https:\/\/radiosucumbios.org.ec\/index.php?rest_route=\/wp\/v2\/posts\/1555\/revisions\/1557"}],"wp:featuredmedia":[{"embeddable":true,"href":"https:\/\/radiosucumbios.org.ec\/index.php?rest_route=\/wp\/v2\/media\/1556"}],"wp:attachment":[{"href":"https:\/\/radiosucumbios.org.ec\/index.php?rest_route=%2Fwp%2Fv2%2Fmedia&parent=1555"}],"wp:term":[{"taxonomy":"category","embeddable":true,"href":"https:\/\/radiosucumbios.org.ec\/index.php?rest_route=%2Fwp%2Fv2%2Fcategories&post=1555"},{"taxonomy":"post_tag","embeddable":true,"href":"https:\/\/radiosucumbios.org.ec\/index.php?rest_route=%2Fwp%2Fv2%2Ftags&post=1555"}],"curies":[{"name":"wp","href":"https:\/\/api.w.org\/{rel}","templated":true}]}}