{"id":1566,"date":"2018-07-02T13:23:00","date_gmt":"2018-07-02T13:23:00","guid":{"rendered":"https:\/\/radiosucumbios.org.ec\/?p=1566"},"modified":"2018-07-02T13:23:00","modified_gmt":"2018-07-02T13:23:00","slug":"buscan-nina-secuestrada-20-dias-canton-cascales","status":"publish","type":"post","link":"https:\/\/radiosucumbios.org.ec\/?p=1566","title":{"rendered":"Buscan a ni\u00f1a secuestrada hace 20 d\u00edas en el cant\u00f3n Cascales"},"content":{"rendered":"<p>Una unidad especializada de la polic\u00eda nacional al mando de un capit\u00e1n, tiene a cargo la investigaci\u00f3n exclusiva del secuestro de una ni\u00f1a de 12 a\u00f1os.<!--more--><\/p>\n<p>La ni\u00f1a fue raptada el pasado 12 de junio mientras recib\u00eda clases en la escuela \u201cCarlos Ch\u00e1vez\u201d en el recinto Diamante parroquia Sevilla cant\u00f3n Cascales provincia de Sucumb\u00edos, se\u00f1al\u00f3 el gobernador de Sucumb\u00edos, Robert Gallegos.<\/p>\n<p>Ese d\u00eda dos personas vestidos de camuflaje tipo militar, incursionaron en la escuela armados con pistola amenazan a la profesora y se llevan por la fuerza a la ni\u00f1a.<\/p>\n<p>El caso gener\u00f3 conmoci\u00f3n y zozobra entre los ni\u00f1os de la escuela, en la comunidad, la familia de la menor entr\u00f3 en desesperaci\u00f3n pidiendo ayuda a las autoridades para que persigan a los secuestradores y rescaten a la ni\u00f1a<\/p>\n<p>La polic\u00eda despleg\u00f3 un operativo de rastreo, pero no ha podido dar con el paradero de la menor<\/p>\n<p>Las primeras investigaciones descartar\u00edan la hip\u00f3tesis que el secuestro fuera perpetrado por grupos armados ilegales que operan en la zona fronteriza con Colombia<\/p>\n<p>El distrito uno Sucumb\u00edos de educaci\u00f3n y la coordinaci\u00f3n zonal,\u00a0\u00a0 conoci\u00f3 que el 30 de mayo de 2018 la ni\u00f1a hoy secuestrada fue v\u00edctima de una presunta violaci\u00f3n por una persona adulta, hecho que fue denunciado ante la fiscal\u00eda, gobernaci\u00f3n y junta protecci\u00f3n de derechos, y dem\u00e1s instancias, afirm\u00f3 Patricio Silva coordinador de educaci\u00f3n de la zona uno, en di\u00e1logo con Radio Sucumb\u00edos<\/p>\n<p>De ellos se desprende la hip\u00f3tesis que el secuestrador ser\u00eda la persona que abus\u00f3 sexualmente de la ni\u00f1a con qui\u00e9n habr\u00eda querido mantener una relaci\u00f3n sentimental tras haber quedado embarazada, y ante la negativa de los familiares de aceptar dicha relaci\u00f3n, opt\u00f3 por llev\u00e1rsela a la fuerza desde la escuela donde cursaba el s\u00e9ptimo a\u00f1o de educaci\u00f3n b\u00e1sica<\/p>\n<p>\u201cYo no podr\u00eda adelantar ninguna conclusi\u00f3n, pero de primera instancia lo que nos dijeron los se\u00f1ores de la polic\u00eda, es que no se trata de elementos irregulares armados presentes en la zona, m\u00e1s bien puede ser de la persona que violento a la menor\u201d dijo Patricio Silva coordinador de educaci\u00f3n de la zona uno<\/p>\n<p>El tema fue abordado con varias instituciones estatales y seccionales del cant\u00f3n Cascales y de la provincia, quienes asumieron compromisos de intervenir con ayuda social a la familia de la menor secuestrada y a la comunidad educativa en general<\/p>\n<p>Desde el distrito de educaci\u00f3n se dispuso el acompa\u00f1amiento de un equipo de psic\u00f3logos a la familia de la v\u00edctima y a los estudiantes de la escuela donde se presentaron los hechos<\/p>\n<p><iframe id='audio_26849419' frameborder='0' allowfullscreen='' scrolling='no' height='200' style='border:1px solid #EEE; box-sizing:border-box; width:100%;' src=\"https:\/\/mx.ivoox.com\/es\/player_ej_26849419_4_1.html?c1=ff6600\"><\/iframe><\/p>\n<h5><strong>Han trascurrido 20 d\u00edas del secuestro sin resultados <\/strong><\/h5>\n<p>El gobernador de Sucumb\u00edos, indic\u00f3 que hoy mantendr\u00e1 una reuni\u00f3n con la fiscal\u00eda para revisar el avance de las investigaciones del secuestro de la ni\u00f1a de 12 a\u00f1os del cant\u00f3n Cascales<\/p>\n","protected":false},"excerpt":{"rendered":"<p>Una unidad especializada de la polic\u00eda nacional al mando de un capit\u00e1n, tiene a cargo la investigaci\u00f3n exclusiva del secuestro de una ni\u00f1a de 12 a\u00f1os.<\/p>\n","protected":false},"author":1,"featured_media":1567,"comment_status":"open","ping_status":"closed","sticky":false,"template":"","format":"standard","meta":{"footnotes":""},"categories":[3,5],"tags":[],"class_list":["post-1566","post","type-post","status-publish","format-standard","has-post-thumbnail","hentry","category-noticias","category-sucumbios"],"_links":{"self":[{"href":"https:\/\/radiosucumbios.org.ec\/index.php?rest_route=\/wp\/v2\/posts\/1566","targetHints":{"allow":["GET"]}}],"collection":[{"href":"https:\/\/radiosucumbios.org.ec\/index.php?rest_route=\/wp\/v2\/posts"}],"about":[{"href":"https:\/\/radiosucumbios.org.ec\/index.php?rest_route=\/wp\/v2\/types\/post"}],"author":[{"embeddable":true,"href":"https:\/\/radiosucumbios.org.ec\/index.php?rest_route=\/wp\/v2\/users\/1"}],"replies":[{"embeddable":true,"href":"https:\/\/radiosucumbios.org.ec\/index.php?rest_route=%2Fwp%2Fv2%2Fcomments&post=1566"}],"version-history":[{"count":1,"href":"https:\/\/radiosucumbios.org.ec\/index.php?rest_route=\/wp\/v2\/posts\/1566\/revisions"}],"predecessor-version":[{"id":1568,"href":"https:\/\/radiosucumbios.org.ec\/index.php?rest_route=\/wp\/v2\/posts\/1566\/revisions\/1568"}],"wp:featuredmedia":[{"embeddable":true,"href":"https:\/\/radiosucumbios.org.ec\/index.php?rest_route=\/wp\/v2\/media\/1567"}],"wp:attachment":[{"href":"https:\/\/radiosucumbios.org.ec\/index.php?rest_route=%2Fwp%2Fv2%2Fmedia&parent=1566"}],"wp:term":[{"taxonomy":"category","embeddable":true,"href":"https:\/\/radiosucumbios.org.ec\/index.php?rest_route=%2Fwp%2Fv2%2Fcategories&post=1566"},{"taxonomy":"post_tag","embeddable":true,"href":"https:\/\/radiosucumbios.org.ec\/index.php?rest_route=%2Fwp%2Fv2%2Ftags&post=1566"}],"curies":[{"name":"wp","href":"https:\/\/api.w.org\/{rel}","templated":true}]}}