{"id":1578,"date":"2018-07-04T12:53:03","date_gmt":"2018-07-04T12:53:03","guid":{"rendered":"https:\/\/radiosucumbios.org.ec\/?p=1578"},"modified":"2018-07-04T14:45:52","modified_gmt":"2018-07-04T14:45:52","slug":"fander-falconi-caso-secuestro-la-nina-diamante-cascales","status":"publish","type":"post","link":"https:\/\/radiosucumbios.org.ec\/?p=1578","title":{"rendered":"Fander Falcon\u00ed sobre el caso secuestro de la ni\u00f1a de \u201cEl Diamante\u201d Cascales"},"content":{"rendered":"<p>El secuestro de la menor ocurri\u00f3 el 12 de junio del 2018 mientras recib\u00eda clases en la escuela \u201cCarlos Ch\u00e1vez\u201d en el recinto Diamante parroquia Sevilla cant\u00f3n Cascales provincia de Sucumb\u00edos<!--more--><\/p>\n<p>El ministro de Educaci\u00f3n Fander Falcon\u00ed junto al viceministro \u00c1lvaro S\u00e1enz, la subsecretaria de educaci\u00f3n Mar\u00eda Fernanda Porras y el coordinador de la zona uno Patricio Silva, mantuvieron una reuni\u00f3n en Cascales, donde evaluaron las acciones emprendidas del\u00a0 plan de contingencia\u00a0 elaborado, despu\u00e9s de conocer el secuestro de la ni\u00f1a de 12 a\u00f1os de la escuela Carlos Ch\u00e1vez, recinto el Diamante, el pasado 12 de junio<!--more--><\/p>\n<p>Entre las medidas de protecci\u00f3n implementadas, la ni\u00f1a deb\u00eda ser retirada de la escuela solo con el acompa\u00f1amiento de la madre de familia, dijo el ministro<\/p>\n<p>Agreg\u00f3 que antes de la desaparici\u00f3n, la ni\u00f1a ya hab\u00eda venido sufriendo violencia sexual fuera de espacio educativo, hecho que fue denunciado a la fiscal\u00eda de manera oportuna<\/p>\n<h6><iframe id='audio_26887854' frameborder='0' allowfullscreen='' scrolling='no' height='200' style='border:1px solid #EEE; box-sizing:border-box; width:100%;' src=\"https:\/\/mx.ivoox.com\/es\/player_ej_26887854_4_1.html?c1=ff6600\"><\/iframe><\/h6>\n<h5>Est\u00e1 activado un plan de contingencia, hay una preocupaci\u00f3n muy sentida por lo sucedido.<\/h5>\n<p>Marlon Cabrera fiscal de Sucumb\u00edos evit\u00f3 dar detalles del caso, hasta el momento se desconoce el paradero de la menor, las investigaciones contin\u00faan en etapa de indagaci\u00f3n<\/p>\n<p>El ministro de educaci\u00f3n Fander Falcon\u00ed, revel\u00f3 que en la provincia de Sucumb\u00edos existen 38 denuncias de violencia sexual contra ni\u00f1os y ni\u00f1as, de las cuales 25 casos se han dado dentro del sistema educativo y 13 fuera del sistema<\/p>\n<p>En Cascales donde se report\u00f3 la desaparici\u00f3n de la estudiante, existen 7 denuncias de violencia sexual dentro del sistema educativo y 9 fuera del mismo.<\/p>\n<p>&nbsp;<\/p>\n","protected":false},"excerpt":{"rendered":"<p>El secuestro de la menor ocurri\u00f3 el 12 de junio del 2018 mientras recib\u00eda clases en la escuela \u201cCarlos Ch\u00e1vez\u201d en el recinto Diamante parroquia Sevilla cant\u00f3n Cascales provincia de Sucumb\u00edos<\/p>\n","protected":false},"author":1,"featured_media":1580,"comment_status":"open","ping_status":"closed","sticky":false,"template":"","format":"standard","meta":{"footnotes":""},"categories":[3,5],"tags":[],"class_list":["post-1578","post","type-post","status-publish","format-standard","has-post-thumbnail","hentry","category-noticias","category-sucumbios"],"_links":{"self":[{"href":"https:\/\/radiosucumbios.org.ec\/index.php?rest_route=\/wp\/v2\/posts\/1578","targetHints":{"allow":["GET"]}}],"collection":[{"href":"https:\/\/radiosucumbios.org.ec\/index.php?rest_route=\/wp\/v2\/posts"}],"about":[{"href":"https:\/\/radiosucumbios.org.ec\/index.php?rest_route=\/wp\/v2\/types\/post"}],"author":[{"embeddable":true,"href":"https:\/\/radiosucumbios.org.ec\/index.php?rest_route=\/wp\/v2\/users\/1"}],"replies":[{"embeddable":true,"href":"https:\/\/radiosucumbios.org.ec\/index.php?rest_route=%2Fwp%2Fv2%2Fcomments&post=1578"}],"version-history":[{"count":2,"href":"https:\/\/radiosucumbios.org.ec\/index.php?rest_route=\/wp\/v2\/posts\/1578\/revisions"}],"predecessor-version":[{"id":1584,"href":"https:\/\/radiosucumbios.org.ec\/index.php?rest_route=\/wp\/v2\/posts\/1578\/revisions\/1584"}],"wp:featuredmedia":[{"embeddable":true,"href":"https:\/\/radiosucumbios.org.ec\/index.php?rest_route=\/wp\/v2\/media\/1580"}],"wp:attachment":[{"href":"https:\/\/radiosucumbios.org.ec\/index.php?rest_route=%2Fwp%2Fv2%2Fmedia&parent=1578"}],"wp:term":[{"taxonomy":"category","embeddable":true,"href":"https:\/\/radiosucumbios.org.ec\/index.php?rest_route=%2Fwp%2Fv2%2Fcategories&post=1578"},{"taxonomy":"post_tag","embeddable":true,"href":"https:\/\/radiosucumbios.org.ec\/index.php?rest_route=%2Fwp%2Fv2%2Ftags&post=1578"}],"curies":[{"name":"wp","href":"https:\/\/api.w.org\/{rel}","templated":true}]}}