{"id":1601,"date":"2018-07-31T11:36:11","date_gmt":"2018-07-31T11:36:11","guid":{"rendered":"https:\/\/radiosucumbios.org.ec\/?p=1601"},"modified":"2018-07-31T11:40:54","modified_gmt":"2018-07-31T11:40:54","slug":"maria-jaramillo-viceprefecta-sucumbios-se-accidento","status":"publish","type":"post","link":"https:\/\/radiosucumbios.org.ec\/?p=1601","title":{"rendered":"Mar\u00eda Jaramillo Viceprefecta de Sucumb\u00edos se accident\u00f3"},"content":{"rendered":"<p>El Prefecto de Sucumb\u00edos\u00a0 confirma que su Viceprefecta Abg. Mar\u00eda Jaramillo sufri\u00f3 un accidente de tr\u00e1nsito.<!--more--><\/p>\n<p>La noche del s\u00e1bado 28 de julio, se produjo un accidente de tr\u00e1nsito a la altura de la gasolinera del Proyecto-Shushufindi, un veh\u00edculo particular y una motocicleta se vieron involucrados en el suceso.<\/p>\n<p>Tres personas \u201cpap\u00e1, mam\u00e1 e hijo\u201d de una misma familia resultaron heridos y se encuentran graves de salud en los hospitales de Nueva Loja y Coca<\/p>\n<p>La noche del accidente circul\u00f3 informaci\u00f3n no verificada en donde el carro involucrado movilizaba\u00a0 a Mar\u00eda Jaramillo viceprefecta de Sucumb\u00edos.<\/p>\n<p>Guido Vargas prefecto de Sucumb\u00edos confirm\u00f3 dicha noticia se\u00f1alando que efectivamente la viceprefecta se encontraba en el veh\u00edculo que se accident\u00f3 la noche del s\u00e1bado<\/p>\n<p>Hugo Monar familiar de los heridos, se\u00f1al\u00f3 que la viceprefecta a trav\u00e9s de su abogado se hizo cargo de todos los gastos de los afectados, le ofreci\u00f3 devolver una moto nueva, indemnizarlos con 2.500 d\u00f3lares y cuando se recupere dotarle de una plaza de trabajo<\/p>\n<p><iframe loading=\"lazy\" id=\"audio_27374381\" style=\"border: 1px solid #EEE; box-sizing: border-box; width: 100%;\" src=\"https:\/\/mx.ivoox.com\/es\/player_ej_27374381_4_1.html?c1=ff6600\" width=\"300\" height=\"200\" frameborder=\"0\" scrolling=\"no\" allowfullscreen=\"allowfullscreen\"><\/iframe><\/p>\n","protected":false},"excerpt":{"rendered":"<p>El Prefecto de Sucumb\u00edos\u00a0 confirma que su Viceprefecta Abg. Mar\u00eda Jaramillo sufri\u00f3 un accidente de tr\u00e1nsito.<\/p>\n","protected":false},"author":1,"featured_media":1602,"comment_status":"open","ping_status":"closed","sticky":false,"template":"","format":"standard","meta":{"footnotes":""},"categories":[3,5],"tags":[],"class_list":["post-1601","post","type-post","status-publish","format-standard","has-post-thumbnail","hentry","category-noticias","category-sucumbios"],"_links":{"self":[{"href":"https:\/\/radiosucumbios.org.ec\/index.php?rest_route=\/wp\/v2\/posts\/1601","targetHints":{"allow":["GET"]}}],"collection":[{"href":"https:\/\/radiosucumbios.org.ec\/index.php?rest_route=\/wp\/v2\/posts"}],"about":[{"href":"https:\/\/radiosucumbios.org.ec\/index.php?rest_route=\/wp\/v2\/types\/post"}],"author":[{"embeddable":true,"href":"https:\/\/radiosucumbios.org.ec\/index.php?rest_route=\/wp\/v2\/users\/1"}],"replies":[{"embeddable":true,"href":"https:\/\/radiosucumbios.org.ec\/index.php?rest_route=%2Fwp%2Fv2%2Fcomments&post=1601"}],"version-history":[{"count":5,"href":"https:\/\/radiosucumbios.org.ec\/index.php?rest_route=\/wp\/v2\/posts\/1601\/revisions"}],"predecessor-version":[{"id":1607,"href":"https:\/\/radiosucumbios.org.ec\/index.php?rest_route=\/wp\/v2\/posts\/1601\/revisions\/1607"}],"wp:featuredmedia":[{"embeddable":true,"href":"https:\/\/radiosucumbios.org.ec\/index.php?rest_route=\/wp\/v2\/media\/1602"}],"wp:attachment":[{"href":"https:\/\/radiosucumbios.org.ec\/index.php?rest_route=%2Fwp%2Fv2%2Fmedia&parent=1601"}],"wp:term":[{"taxonomy":"category","embeddable":true,"href":"https:\/\/radiosucumbios.org.ec\/index.php?rest_route=%2Fwp%2Fv2%2Fcategories&post=1601"},{"taxonomy":"post_tag","embeddable":true,"href":"https:\/\/radiosucumbios.org.ec\/index.php?rest_route=%2Fwp%2Fv2%2Ftags&post=1601"}],"curies":[{"name":"wp","href":"https:\/\/api.w.org\/{rel}","templated":true}]}}