{"id":1608,"date":"2018-07-31T12:14:53","date_gmt":"2018-07-31T12:14:53","guid":{"rendered":"https:\/\/radiosucumbios.org.ec\/?p=1608"},"modified":"2018-07-31T12:15:31","modified_gmt":"2018-07-31T12:15:31","slug":"prefecto-guido-vargas-pierde-juicio-los-trabajadores-despedidos","status":"publish","type":"post","link":"https:\/\/radiosucumbios.org.ec\/?p=1608","title":{"rendered":"Prefecto Guido Vargas pierde el juicio con los trabajadores despedidos"},"content":{"rendered":"<p>Los trabajadores despedidos del Gobierno Provincial de Sucumb\u00edos, le ganaron el juicio al\u00a0 prefecto Guido Vargas, a qui\u00e9n lo demandaron por haberlos despedido de manera intempestiva, luego de otorgarles nombramiento definitivo<\/p>\n<p><!--more--><\/p>\n<p>El tribunal superior de conciliaci\u00f3n y arbitraje de \u00faltima instancia del Ministerio de Trabajo con sede en la ciudad de Ibarra, dio la raz\u00f3n a los trabajadores y orden\u00f3 al prefecto la inmediata restituci\u00f3n de los puestos de trabajo, m\u00e1s el pago del sueldo de los 9 meses que dejaron de laborar los trabajadores despedidos<\/p>\n<p>El tribunal rechaz\u00f3 el recurso de apelaci\u00f3n y nulidad que interpuso el Gobierno Provincial de Sucumb\u00edos y ratific\u00f3 en todas sus partes, la sentencia con fecha 2 Abril 2018, dictada por el tribunal de conciliaci\u00f3n y arbitraje de primera instancia, es decir de la direcci\u00f3n provincial del Ministerio de Trabajo de Sucumb\u00edos. As\u00ed lo se\u00f1ala Henrri Espa\u00f1a secretario del sindicato de Trabajadores del Gobierno Provincial de Sucumb\u00edos<\/p>\n<p>El fallo favorece a 86 trabajadores que lograron probar que fueron despedidos de manera intempestiva con una resoluci\u00f3n administrativa emitida por el prefecto provincial<\/p>\n<p>Espa\u00f1a agrega que esperaran a que se cumplan los plazos determinados en la ley para que el prefecto cumpla con la sentencia emitida por los jueces de primera y segunda instancia<\/p>\n<p>&nbsp;<\/p>\n","protected":false},"excerpt":{"rendered":"<p>Los trabajadores despedidos del Gobierno Provincial de Sucumb\u00edos, le ganaron el juicio al\u00a0 prefecto Guido Vargas, a qui\u00e9n lo demandaron por haberlos despedido de manera intempestiva, luego de otorgarles nombramiento definitivo<\/p>\n","protected":false},"author":1,"featured_media":1609,"comment_status":"open","ping_status":"closed","sticky":false,"template":"","format":"standard","meta":{"footnotes":""},"categories":[3,5],"tags":[],"class_list":["post-1608","post","type-post","status-publish","format-standard","has-post-thumbnail","hentry","category-noticias","category-sucumbios"],"_links":{"self":[{"href":"https:\/\/radiosucumbios.org.ec\/index.php?rest_route=\/wp\/v2\/posts\/1608","targetHints":{"allow":["GET"]}}],"collection":[{"href":"https:\/\/radiosucumbios.org.ec\/index.php?rest_route=\/wp\/v2\/posts"}],"about":[{"href":"https:\/\/radiosucumbios.org.ec\/index.php?rest_route=\/wp\/v2\/types\/post"}],"author":[{"embeddable":true,"href":"https:\/\/radiosucumbios.org.ec\/index.php?rest_route=\/wp\/v2\/users\/1"}],"replies":[{"embeddable":true,"href":"https:\/\/radiosucumbios.org.ec\/index.php?rest_route=%2Fwp%2Fv2%2Fcomments&post=1608"}],"version-history":[{"count":1,"href":"https:\/\/radiosucumbios.org.ec\/index.php?rest_route=\/wp\/v2\/posts\/1608\/revisions"}],"predecessor-version":[{"id":1610,"href":"https:\/\/radiosucumbios.org.ec\/index.php?rest_route=\/wp\/v2\/posts\/1608\/revisions\/1610"}],"wp:featuredmedia":[{"embeddable":true,"href":"https:\/\/radiosucumbios.org.ec\/index.php?rest_route=\/wp\/v2\/media\/1609"}],"wp:attachment":[{"href":"https:\/\/radiosucumbios.org.ec\/index.php?rest_route=%2Fwp%2Fv2%2Fmedia&parent=1608"}],"wp:term":[{"taxonomy":"category","embeddable":true,"href":"https:\/\/radiosucumbios.org.ec\/index.php?rest_route=%2Fwp%2Fv2%2Fcategories&post=1608"},{"taxonomy":"post_tag","embeddable":true,"href":"https:\/\/radiosucumbios.org.ec\/index.php?rest_route=%2Fwp%2Fv2%2Ftags&post=1608"}],"curies":[{"name":"wp","href":"https:\/\/api.w.org\/{rel}","templated":true}]}}