{"id":1611,"date":"2018-07-31T12:33:05","date_gmt":"2018-07-31T12:33:05","guid":{"rendered":"https:\/\/radiosucumbios.org.ec\/?p=1611"},"modified":"2018-07-31T12:41:52","modified_gmt":"2018-07-31T12:41:52","slug":"prefecto-sucumbios-anuncio-apelara-fallo-trabajadores-despedidos","status":"publish","type":"post","link":"https:\/\/radiosucumbios.org.ec\/?p=1611","title":{"rendered":"Prefecto de Sucumb\u00edos anunci\u00f3 que apelar\u00e1 el fallo a favor de los trabajadores despedidos"},"content":{"rendered":"<p>El prefecto Guido Vargas de Sucumb\u00edos se\u00f1al\u00f3 que este mi\u00e9rcoles presentar\u00e1 una apelaci\u00f3n al fallo de segunda instancia emitida por el Tribunal de Arbitraje de la coordinaci\u00f3n zonal del Ministerio de Trabajo, que dispuso el reintegro inmediato de los trabajadores que fueron despedidos del Gobierno Provincial de Sucumb\u00edos<!--more--><\/p>\n<p>Dijo que agotar\u00e1 las \u00faltimas instancias y acudir\u00e1 a la Corte Constitucional para hacer prevalecer sus derechos, puesto que la m\u00e1xima instancia de justicia del pa\u00eds, ya se habr\u00eda pronunciado sobre el caso y espera sea ratificada<\/p>\n<p>El prefecto Guido Vargas, agreg\u00f3 que no restituir\u00e1 a los trabajadores hasta que no sea ordenado por un pronunciamiento de la Corte Constitucional<\/p>\n<p>Vargas advirti\u00f3 al inspector Mario Mingo, que tendr\u00e1 inconvenientes jur\u00eddicos por haber desacatado un fallo de la Corte Constitucional y les aplicar\u00e1 el juicio de repetici\u00f3n<\/p>\n<p>Esa es la posici\u00f3n que asumi\u00f3 el prefecto, respecto al fallo del Tribunal Especial de Arbitraje de segunda Instancia de la coordinaci\u00f3n zonal del Ministerio de Trabajo, que dispuso el reintegro inmediato de los 86 trabajadores que demandaron al prefecto Guido Vargas por el despido ilegal del fueron v\u00edctimas<\/p>\n","protected":false},"excerpt":{"rendered":"<p>El prefecto Guido Vargas de Sucumb\u00edos se\u00f1al\u00f3 que este mi\u00e9rcoles presentar\u00e1 una apelaci\u00f3n al fallo de segunda instancia emitida por el Tribunal de Arbitraje de la coordinaci\u00f3n zonal del Ministerio de Trabajo, que dispuso el reintegro inmediato de los trabajadores que fueron despedidos del Gobierno Provincial de Sucumb\u00edos<\/p>\n","protected":false},"author":1,"featured_media":1614,"comment_status":"open","ping_status":"closed","sticky":false,"template":"","format":"standard","meta":{"footnotes":""},"categories":[3,5],"tags":[],"class_list":["post-1611","post","type-post","status-publish","format-standard","has-post-thumbnail","hentry","category-noticias","category-sucumbios"],"_links":{"self":[{"href":"https:\/\/radiosucumbios.org.ec\/index.php?rest_route=\/wp\/v2\/posts\/1611","targetHints":{"allow":["GET"]}}],"collection":[{"href":"https:\/\/radiosucumbios.org.ec\/index.php?rest_route=\/wp\/v2\/posts"}],"about":[{"href":"https:\/\/radiosucumbios.org.ec\/index.php?rest_route=\/wp\/v2\/types\/post"}],"author":[{"embeddable":true,"href":"https:\/\/radiosucumbios.org.ec\/index.php?rest_route=\/wp\/v2\/users\/1"}],"replies":[{"embeddable":true,"href":"https:\/\/radiosucumbios.org.ec\/index.php?rest_route=%2Fwp%2Fv2%2Fcomments&post=1611"}],"version-history":[{"count":2,"href":"https:\/\/radiosucumbios.org.ec\/index.php?rest_route=\/wp\/v2\/posts\/1611\/revisions"}],"predecessor-version":[{"id":1616,"href":"https:\/\/radiosucumbios.org.ec\/index.php?rest_route=\/wp\/v2\/posts\/1611\/revisions\/1616"}],"wp:featuredmedia":[{"embeddable":true,"href":"https:\/\/radiosucumbios.org.ec\/index.php?rest_route=\/wp\/v2\/media\/1614"}],"wp:attachment":[{"href":"https:\/\/radiosucumbios.org.ec\/index.php?rest_route=%2Fwp%2Fv2%2Fmedia&parent=1611"}],"wp:term":[{"taxonomy":"category","embeddable":true,"href":"https:\/\/radiosucumbios.org.ec\/index.php?rest_route=%2Fwp%2Fv2%2Fcategories&post=1611"},{"taxonomy":"post_tag","embeddable":true,"href":"https:\/\/radiosucumbios.org.ec\/index.php?rest_route=%2Fwp%2Fv2%2Ftags&post=1611"}],"curies":[{"name":"wp","href":"https:\/\/api.w.org\/{rel}","templated":true}]}}