{"id":1621,"date":"2018-09-04T12:41:30","date_gmt":"2018-09-04T12:41:30","guid":{"rendered":"https:\/\/radiosucumbios.org.ec\/?p=1621"},"modified":"2018-09-04T12:41:30","modified_gmt":"2018-09-04T12:41:30","slug":"suspension-definitiva-la-mineria-piden-organizaciones-sociales","status":"publish","type":"post","link":"https:\/\/radiosucumbios.org.ec\/?p=1621","title":{"rendered":"Suspensi\u00f3n definitiva de la miner\u00eda piden Organizaciones Sociales"},"content":{"rendered":"<p>La suspensi\u00f3n definitiva de las miner\u00edas de oro \u00a0est\u00e1n pidiendo las Organizaciones Sociales como: ACSIS, Frente Popular, Federaci\u00f3n de Mujeres, Uni\u00f3n de Afectados por las Operaciones Petroleras, Asociaci\u00f3n de Discapacidades, organizaciones juveniles y dem\u00e1s<\/p>\n<p><!--more--><\/p>\n<p>Las mismas se preparan para participar de la audiencia en la Corte Provincial de Sucumb\u00edos para pedir la suspensi\u00f3n minera en el cant\u00f3n de Gonzalo Pizarro.<\/p>\n<p>&nbsp;<\/p>\n<p>La semana pasada estas organizaciones llegaron hasta el territorio de la Nacionalidad Ai Cofan ubicado en la parroquia Puerto Libre para constatar la destrucci\u00f3n de las riveras del rio Aguarico.<\/p>\n<p>&nbsp;<\/p>\n<h5>TESTIMONIO EN AUDIO EN EL SIGUIENTE ORDEN:<\/h5>\n<p>En sector denominado \u201cLa Nariz del Diablo\u201d templaron una gigantografia para elevar su voz como rechazo a la minera sobre los r\u00edos Chingual, Cofanes y Aguarico.<\/p>\n<p>&nbsp;<\/p>\n<p>Mario Criollo presidente de la comuna Ai Cofan Sinagoe, indica que las operaciones de las mineras fueron descubiertas por la guardia ind\u00edgena que recorre el sector.<\/p>\n<p>&nbsp;<\/p>\n<p>Ignacio Condoy, dirigente del Frente Popular de Sucumb\u00edos, se\u00f1al\u00f3 que el Gobierno Nacional es responsable por permitir las concesiones con el pretexto de un pa\u00eds endeudado por culpa del ex presidente Correa.<\/p>\n<p>&nbsp;<\/p>\n<p>Los j\u00f3venes tenemos debemos tomar estas luchas en defensa del ambiente, el agua y la naturaleza, manifest\u00f3 el representante del Frente de J\u00f3venes en defensa de la contaminaci\u00f3n de estero Oriento en Nueva Loja.<\/p>\n<p>&nbsp;<\/p>\n<p><img loading=\"lazy\" decoding=\"async\" class=\"wp-image-1624 aligncenter\" src=\"https:\/\/radiosucumbios.org.ec\/wp-content\/uploads\/2018\/09\/largo-camino-no-a-la-mineria-300x169.jpeg\" alt=\"\" width=\"635\" height=\"358\" srcset=\"https:\/\/radiosucumbios.org.ec\/wp-content\/uploads\/2018\/09\/largo-camino-no-a-la-mineria-300x169.jpeg 300w, https:\/\/radiosucumbios.org.ec\/wp-content\/uploads\/2018\/09\/largo-camino-no-a-la-mineria-768x432.jpeg 768w, https:\/\/radiosucumbios.org.ec\/wp-content\/uploads\/2018\/09\/largo-camino-no-a-la-mineria-1024x576.jpeg 1024w, https:\/\/radiosucumbios.org.ec\/wp-content\/uploads\/2018\/09\/largo-camino-no-a-la-mineria.jpeg 1032w\" sizes=\"auto, (max-width: 635px) 100vw, 635px\" \/><\/p>\n<p>Hasta el sector de la destrucci\u00f3n del rio aguarico, tambi\u00e9n llegaron ambientalistas para verificar los da\u00f1os en las riveras del rio Aguarico, en sitios de dif\u00edcil acceso utilizaron un Drone, manifest\u00f3 Nicol\u00e1s defensor del ambiente.<\/p>\n<p><iframe id='audio_28296969' frameborder='0' allowfullscreen='' scrolling='no' height='200' style='border:1px solid #EEE; box-sizing:border-box; width:100%;' src=\"https:\/\/mx.ivoox.com\/es\/player_ej_28296969_4_1.html?c1=ff6600\"><\/iframe><br \/>\n&nbsp;<\/p>\n","protected":false},"excerpt":{"rendered":"<p>La suspensi\u00f3n definitiva de las miner\u00edas de oro \u00a0est\u00e1n pidiendo las Organizaciones Sociales como: ACSIS, Frente Popular, Federaci\u00f3n de Mujeres, Uni\u00f3n de Afectados por las Operaciones Petroleras, Asociaci\u00f3n de Discapacidades, organizaciones juveniles y dem\u00e1s<\/p>\n","protected":false},"author":1,"featured_media":1622,"comment_status":"open","ping_status":"closed","sticky":false,"template":"","format":"standard","meta":{"footnotes":""},"categories":[58,10,3,5],"tags":[],"class_list":["post-1621","post","type-post","status-publish","format-standard","has-post-thumbnail","hentry","category-comunidad","category-interculturalidad","category-noticias","category-sucumbios"],"_links":{"self":[{"href":"https:\/\/radiosucumbios.org.ec\/index.php?rest_route=\/wp\/v2\/posts\/1621","targetHints":{"allow":["GET"]}}],"collection":[{"href":"https:\/\/radiosucumbios.org.ec\/index.php?rest_route=\/wp\/v2\/posts"}],"about":[{"href":"https:\/\/radiosucumbios.org.ec\/index.php?rest_route=\/wp\/v2\/types\/post"}],"author":[{"embeddable":true,"href":"https:\/\/radiosucumbios.org.ec\/index.php?rest_route=\/wp\/v2\/users\/1"}],"replies":[{"embeddable":true,"href":"https:\/\/radiosucumbios.org.ec\/index.php?rest_route=%2Fwp%2Fv2%2Fcomments&post=1621"}],"version-history":[{"count":1,"href":"https:\/\/radiosucumbios.org.ec\/index.php?rest_route=\/wp\/v2\/posts\/1621\/revisions"}],"predecessor-version":[{"id":1625,"href":"https:\/\/radiosucumbios.org.ec\/index.php?rest_route=\/wp\/v2\/posts\/1621\/revisions\/1625"}],"wp:featuredmedia":[{"embeddable":true,"href":"https:\/\/radiosucumbios.org.ec\/index.php?rest_route=\/wp\/v2\/media\/1622"}],"wp:attachment":[{"href":"https:\/\/radiosucumbios.org.ec\/index.php?rest_route=%2Fwp%2Fv2%2Fmedia&parent=1621"}],"wp:term":[{"taxonomy":"category","embeddable":true,"href":"https:\/\/radiosucumbios.org.ec\/index.php?rest_route=%2Fwp%2Fv2%2Fcategories&post=1621"},{"taxonomy":"post_tag","embeddable":true,"href":"https:\/\/radiosucumbios.org.ec\/index.php?rest_route=%2Fwp%2Fv2%2Ftags&post=1621"}],"curies":[{"name":"wp","href":"https:\/\/api.w.org\/{rel}","templated":true}]}}