{"id":1676,"date":"2018-10-11T12:36:34","date_gmt":"2018-10-11T12:36:34","guid":{"rendered":"https:\/\/radiosucumbios.org.ec\/?p=1676"},"modified":"2018-10-11T12:36:34","modified_gmt":"2018-10-11T12:36:34","slug":"marcha-apagado-los-mecheros-sucumbios-orellana","status":"publish","type":"post","link":"https:\/\/radiosucumbios.org.ec\/?p=1676","title":{"rendered":"Marcha por el apagado de los mecheros en Sucumb\u00edos y Orellana"},"content":{"rendered":"<p>Con una presencia significativa de participantes, el pasado viernes 05 de octubre se desarroll\u00f3 la marcha denominada\u00a0 \u201cApaguemos los mecheros y encendamos la vida\u201d, el recorrido por las principales calles de la ciudad de Nueva Loja.<!--more--><\/p>\n<p>&nbsp;<\/p>\n<p>Mucha gente no entend\u00eda de qu\u00e9 manera est\u00e1 contaminado los mecheros de gas, pero luego de la explicaci\u00f3n, se sorprend\u00edan que tipo de aire y agua consum\u00edan, principalmente cuando llueve.<\/p>\n<p>&nbsp;<\/p>\n<p>Luego del recorrido los actores sociales se acercaron hasta las afueras del Centro de Atenci\u00f3n Ciudadana, para pedir al gobernador de Sucumb\u00edos les entregue una respuesta tal como se hab\u00eda solicitado mediante un documento, as\u00ed indic\u00f3 Selene Ter\u00e1n parte del Comit\u00e9 en contra de la contaminaci\u00f3n.<\/p>\n<p>&nbsp;<\/p>\n<p>Udalio Lapo, presidente del Comit\u00e9, explic\u00f3 de las afectaciones que vive la gente de las comunidades por la contaminaci\u00f3n producto de la quema del gas a trav\u00e9s de los mecheros.<\/p>\n<p>&nbsp;<\/p>\n<p>Lo expresado por parte de los ciudadanos y ciudadanas a trav\u00e9s de la marcha es una muestra de la preocupaci\u00f3n que viven a diario y hay que buscar una soluci\u00f3n, se\u00f1al\u00f3 el obispo de Sucumb\u00edos, monse\u00f1or Celmo Lazzari.<\/p>\n<p>&nbsp;<\/p>\n<p>Los marchantes ped\u00edan les atienda el Gobernador de Sucumb\u00edos, sin embargo sali\u00f3 el jefe pol\u00edtico del cant\u00f3n Lago Agrio, Ericsson Aguirre, el mismo que explic\u00f3 que el gobernador se encontraba fuera de la ciudad y sobre el tema ya estaban en algunos programas y proyectos, para apagar los mecheros.<\/p>\n","protected":false},"excerpt":{"rendered":"<p>Con una presencia significativa de participantes, el pasado viernes 05 de octubre se desarroll\u00f3 la marcha denominada\u00a0 \u201cApaguemos los mecheros y encendamos la vida\u201d, el recorrido por las principales calles de la ciudad de Nueva Loja.<\/p>\n","protected":false},"author":1,"featured_media":1677,"comment_status":"open","ping_status":"closed","sticky":false,"template":"","format":"standard","meta":{"footnotes":""},"categories":[58,3,5],"tags":[],"class_list":["post-1676","post","type-post","status-publish","format-standard","has-post-thumbnail","hentry","category-comunidad","category-noticias","category-sucumbios"],"_links":{"self":[{"href":"https:\/\/radiosucumbios.org.ec\/index.php?rest_route=\/wp\/v2\/posts\/1676","targetHints":{"allow":["GET"]}}],"collection":[{"href":"https:\/\/radiosucumbios.org.ec\/index.php?rest_route=\/wp\/v2\/posts"}],"about":[{"href":"https:\/\/radiosucumbios.org.ec\/index.php?rest_route=\/wp\/v2\/types\/post"}],"author":[{"embeddable":true,"href":"https:\/\/radiosucumbios.org.ec\/index.php?rest_route=\/wp\/v2\/users\/1"}],"replies":[{"embeddable":true,"href":"https:\/\/radiosucumbios.org.ec\/index.php?rest_route=%2Fwp%2Fv2%2Fcomments&post=1676"}],"version-history":[{"count":1,"href":"https:\/\/radiosucumbios.org.ec\/index.php?rest_route=\/wp\/v2\/posts\/1676\/revisions"}],"predecessor-version":[{"id":1679,"href":"https:\/\/radiosucumbios.org.ec\/index.php?rest_route=\/wp\/v2\/posts\/1676\/revisions\/1679"}],"wp:featuredmedia":[{"embeddable":true,"href":"https:\/\/radiosucumbios.org.ec\/index.php?rest_route=\/wp\/v2\/media\/1677"}],"wp:attachment":[{"href":"https:\/\/radiosucumbios.org.ec\/index.php?rest_route=%2Fwp%2Fv2%2Fmedia&parent=1676"}],"wp:term":[{"taxonomy":"category","embeddable":true,"href":"https:\/\/radiosucumbios.org.ec\/index.php?rest_route=%2Fwp%2Fv2%2Fcategories&post=1676"},{"taxonomy":"post_tag","embeddable":true,"href":"https:\/\/radiosucumbios.org.ec\/index.php?rest_route=%2Fwp%2Fv2%2Ftags&post=1676"}],"curies":[{"name":"wp","href":"https:\/\/api.w.org\/{rel}","templated":true}]}}