{"id":1687,"date":"2018-11-07T12:29:42","date_gmt":"2018-11-07T12:29:42","guid":{"rendered":"https:\/\/radiosucumbios.org.ec\/?p=1687"},"modified":"2018-11-07T12:35:17","modified_gmt":"2018-11-07T12:35:17","slug":"nacionalidades-la-joya-los-sachas-tendran-propio-espacio-realizar-la-feria-productos","status":"publish","type":"post","link":"https:\/\/radiosucumbios.org.ec\/?p=1687","title":{"rendered":"Nacionalidades de la Joya de los Sachas tendr\u00e1n su propio espacio para realizar la feria de productos"},"content":{"rendered":"<p>Nacionalidades del cant\u00f3n Joya de los Sachas de la provincia de Orellana, se muestran muy optimistas, ya que en aproximadamente un mes podr\u00edan inaugurar un mercado propio donde podr\u00e1n realizar sus ferias y exponer sus productos de la zona.<!--more--><\/p>\n<p>La unidad de los dirigentes a trav\u00e9s de la mesa de nacionalidad del cant\u00f3n, ha generado y cristalizado proyectos importantes como el mercado de ferias, ahora trabajan otros proyectos, para entregar a la municipalidad como tambi\u00e9n al gobierno provincial de Orellana.<\/p>\n<p>&nbsp;<\/p>\n<p>Pascual Yumbo, coordinador de la mesa de nacionalidades del cant\u00f3n Joya de los Sachas, se\u00f1al\u00f3 que actualmente solo han recibido apoyo del gobierno municipal y no de la prefectura.<\/p>\n<p>&nbsp;<\/p>\n<p>Klever Tanguila, director del departamento de nacionalidades del Gad Municipal, indic\u00f3 que la obra\u00a0 para las nacionalidades, tienen un avance aproximado del 90% y la inauguraci\u00f3n podr\u00eda ser al finalizar el mes de noviembre del a\u00f1o 2018.<\/p>\n<p>&nbsp;<\/p>\n<p>Miguel naranjo concejal del GAD Municipal joya de los sachas, manifest\u00f3 que se ha decidido construir el mercado de ferias para la nacionalidades, no solo para que tengan un espacio para exponer sus productos, sino pensando en que dinamizara la econom\u00eda.<\/p>\n","protected":false},"excerpt":{"rendered":"<p>Nacionalidades del cant\u00f3n Joya de los Sachas de la provincia de Orellana, se muestran muy optimistas, ya que en aproximadamente un mes podr\u00edan inaugurar un mercado propio donde podr\u00e1n realizar sus ferias y exponer sus productos de la zona.<\/p>\n","protected":false},"author":1,"featured_media":1689,"comment_status":"open","ping_status":"closed","sticky":false,"template":"","format":"standard","meta":{"footnotes":""},"categories":[3,6],"tags":[],"class_list":["post-1687","post","type-post","status-publish","format-standard","has-post-thumbnail","hentry","category-noticias","category-orellana"],"_links":{"self":[{"href":"https:\/\/radiosucumbios.org.ec\/index.php?rest_route=\/wp\/v2\/posts\/1687","targetHints":{"allow":["GET"]}}],"collection":[{"href":"https:\/\/radiosucumbios.org.ec\/index.php?rest_route=\/wp\/v2\/posts"}],"about":[{"href":"https:\/\/radiosucumbios.org.ec\/index.php?rest_route=\/wp\/v2\/types\/post"}],"author":[{"embeddable":true,"href":"https:\/\/radiosucumbios.org.ec\/index.php?rest_route=\/wp\/v2\/users\/1"}],"replies":[{"embeddable":true,"href":"https:\/\/radiosucumbios.org.ec\/index.php?rest_route=%2Fwp%2Fv2%2Fcomments&post=1687"}],"version-history":[{"count":1,"href":"https:\/\/radiosucumbios.org.ec\/index.php?rest_route=\/wp\/v2\/posts\/1687\/revisions"}],"predecessor-version":[{"id":1690,"href":"https:\/\/radiosucumbios.org.ec\/index.php?rest_route=\/wp\/v2\/posts\/1687\/revisions\/1690"}],"wp:featuredmedia":[{"embeddable":true,"href":"https:\/\/radiosucumbios.org.ec\/index.php?rest_route=\/wp\/v2\/media\/1689"}],"wp:attachment":[{"href":"https:\/\/radiosucumbios.org.ec\/index.php?rest_route=%2Fwp%2Fv2%2Fmedia&parent=1687"}],"wp:term":[{"taxonomy":"category","embeddable":true,"href":"https:\/\/radiosucumbios.org.ec\/index.php?rest_route=%2Fwp%2Fv2%2Fcategories&post=1687"},{"taxonomy":"post_tag","embeddable":true,"href":"https:\/\/radiosucumbios.org.ec\/index.php?rest_route=%2Fwp%2Fv2%2Ftags&post=1687"}],"curies":[{"name":"wp","href":"https:\/\/api.w.org\/{rel}","templated":true}]}}