{"id":1691,"date":"2018-11-07T13:04:23","date_gmt":"2018-11-07T13:04:23","guid":{"rendered":"https:\/\/radiosucumbios.org.ec\/?p=1691"},"modified":"2018-11-07T13:11:37","modified_gmt":"2018-11-07T13:11:37","slug":"trabajadores-del-gad-provincial-sucumbios-se-tomaron-varias-horas-las-dependencias-del-ministerio-trabajo","status":"publish","type":"post","link":"https:\/\/radiosucumbios.org.ec\/?p=1691","title":{"rendered":"Trabajadores del GAD Provincial de Sucumb\u00edos se tomaron por varias horas las dependencias del ministerio de trabajo"},"content":{"rendered":"<p>Trabajadores del Gobierno Provincial de Sucumb\u00edos, se tomaron las dependencias del Ministerio de Trabajo delegaci\u00f3n Nueva Loja, para exigir el cumplimento del reintegro a sus puestos de trabajo tal como dice el expediente de las sentencias ganadas en dos instancias.<!--more--><\/p>\n<p>&nbsp;<\/p>\n<p>Como signo de protesta dos trabajadoras se encadenaron sus cuerpos y cerraron las puertas de la Delegaci\u00f3n de lo Laboral irrumpiendo la atenci\u00f3n de los usuarios por aproximadamente dos horas, hasta que lleg\u00f3 la fuerza p\u00fablica para abrir las puertas y normalizar la atenci\u00f3n.<\/p>\n<p>&nbsp;<\/p>\n<p>Mar\u00eda Barrezueta ella es una de las trabajadoras que exige ser reintegrada a su puesto de trabajo, se ha convertido en cabeza de hogar ya que su esposo sufri\u00f3 una discapacidad.<\/p>\n<p>&nbsp;<\/p>\n<p>Henry Espa\u00f1a, Secretario General del Sindicato \u00danico de Trabajadores del Gobierno Provincial de Sucumb\u00edos, indic\u00f3 que no est\u00e1n solicitando nada que no conste dentro de la sentencia ganada y amenaz\u00f3 con radicalizar las medidas como la huelga de hambre.<\/p>\n<p>&nbsp;<\/p>\n<p>Por su parte la directora provincial de la Delegaci\u00f3n del Trabajo de Sucumb\u00edos, reci\u00e9n posesionada abogada Yajaira Pazmi\u00f1o, rechaz\u00f3 la protesta de los trabajadores, aduciendo que no tiene conocimiento del tema y ped\u00eda 48 horas para revisar el expediente.<\/p>\n<p><iframe id='audio_29889088' frameborder='0' allowfullscreen='' scrolling='no' height='200' style='border:1px solid #EEE; box-sizing:border-box; width:100%;' src=\"https:\/\/mx.ivoox.com\/es\/player_ej_29889088_4_1.html?c1=ff6600\"><\/iframe><\/p>\n","protected":false},"excerpt":{"rendered":"<p>Trabajadores del Gobierno Provincial de Sucumb\u00edos, se tomaron las dependencias del Ministerio de Trabajo delegaci\u00f3n Nueva Loja, para exigir el cumplimento del reintegro a sus puestos de trabajo tal como dice el expediente de las sentencias ganadas en dos instancias.<\/p>\n","protected":false},"author":1,"featured_media":1692,"comment_status":"open","ping_status":"closed","sticky":false,"template":"","format":"standard","meta":{"footnotes":""},"categories":[3,5],"tags":[],"class_list":["post-1691","post","type-post","status-publish","format-standard","has-post-thumbnail","hentry","category-noticias","category-sucumbios"],"_links":{"self":[{"href":"https:\/\/radiosucumbios.org.ec\/index.php?rest_route=\/wp\/v2\/posts\/1691","targetHints":{"allow":["GET"]}}],"collection":[{"href":"https:\/\/radiosucumbios.org.ec\/index.php?rest_route=\/wp\/v2\/posts"}],"about":[{"href":"https:\/\/radiosucumbios.org.ec\/index.php?rest_route=\/wp\/v2\/types\/post"}],"author":[{"embeddable":true,"href":"https:\/\/radiosucumbios.org.ec\/index.php?rest_route=\/wp\/v2\/users\/1"}],"replies":[{"embeddable":true,"href":"https:\/\/radiosucumbios.org.ec\/index.php?rest_route=%2Fwp%2Fv2%2Fcomments&post=1691"}],"version-history":[{"count":2,"href":"https:\/\/radiosucumbios.org.ec\/index.php?rest_route=\/wp\/v2\/posts\/1691\/revisions"}],"predecessor-version":[{"id":1694,"href":"https:\/\/radiosucumbios.org.ec\/index.php?rest_route=\/wp\/v2\/posts\/1691\/revisions\/1694"}],"wp:featuredmedia":[{"embeddable":true,"href":"https:\/\/radiosucumbios.org.ec\/index.php?rest_route=\/wp\/v2\/media\/1692"}],"wp:attachment":[{"href":"https:\/\/radiosucumbios.org.ec\/index.php?rest_route=%2Fwp%2Fv2%2Fmedia&parent=1691"}],"wp:term":[{"taxonomy":"category","embeddable":true,"href":"https:\/\/radiosucumbios.org.ec\/index.php?rest_route=%2Fwp%2Fv2%2Fcategories&post=1691"},{"taxonomy":"post_tag","embeddable":true,"href":"https:\/\/radiosucumbios.org.ec\/index.php?rest_route=%2Fwp%2Fv2%2Ftags&post=1691"}],"curies":[{"name":"wp","href":"https:\/\/api.w.org\/{rel}","templated":true}]}}