{"id":1722,"date":"2018-11-20T20:07:54","date_gmt":"2018-11-20T20:07:54","guid":{"rendered":"https:\/\/radiosucumbios.org.ec\/?p=1722"},"modified":"2018-11-20T20:07:54","modified_gmt":"2018-11-20T20:07:54","slug":"beneficios-educativos-una-parte-la-poblacion-estudiantil","status":"publish","type":"post","link":"https:\/\/radiosucumbios.org.ec\/?p=1722","title":{"rendered":"Beneficios educativos para una parte de la poblaci\u00f3n estudiantil"},"content":{"rendered":"<p>Acceder al menos a 10 a\u00f1os a la educaci\u00f3n b\u00e1sica est\u00e1 contemplado en la Constituci\u00f3n como un derecho fundamental.<\/p>\n<p><!--more--><\/p>\n<p>En Ecuador el 61.8% de la poblaci\u00f3n de 15 a\u00f1os y m\u00e1s presenta alg\u00fan nivel de rezago educativo, datos estad\u00edsticos dan que m\u00e1s de 6 millones de ecuatorianos en edad productiva necesitan alfabetizarse, completar la educaci\u00f3n b\u00e1sica y obtener el t\u00edtulo de bachiller.<\/p>\n<p>El rezago educativo afecta a desarrollo familiar, pero especialmente a la poblaci\u00f3n del sector rural, debido a que en este sector existe mayor pobreza, inequidad social y exclusi\u00f3n.<\/p>\n<p>Armando Garc\u00eda, director distrital de educaci\u00f3n de Lago Agrio, se\u00f1al\u00f3 que existen varios programas de nivelaci\u00f3n educativa, uno de ellos permite a los estudiantes que est\u00e9n en los planteles educativos y tienen un rezago de varios a\u00f1os.<\/p>\n<p>Existe otro programa que tienen que ver con estudiantes que tengan alguna discapacidad, para lo cual se ha contratado psic\u00f3logos especiales para que hagan el acompa\u00f1amiento en los planteles educativos.<\/p>\n<p>Rezago escolar SAFI es otro programa que se ha creado desde el Ministerio de Educaci\u00f3n, es para los ni\u00f1os que no han accedido a educaci\u00f3n inicial en el sector rural por falta de la oferta de este nivel de educaci\u00f3n.<\/p>\n","protected":false},"excerpt":{"rendered":"<p>Acceder al menos a 10 a\u00f1os a la educaci\u00f3n b\u00e1sica est\u00e1 contemplado en la Constituci\u00f3n como un derecho fundamental.<\/p>\n","protected":false},"author":1,"featured_media":1720,"comment_status":"open","ping_status":"closed","sticky":false,"template":"","format":"standard","meta":{"footnotes":""},"categories":[3,5],"tags":[],"class_list":["post-1722","post","type-post","status-publish","format-standard","has-post-thumbnail","hentry","category-noticias","category-sucumbios"],"_links":{"self":[{"href":"https:\/\/radiosucumbios.org.ec\/index.php?rest_route=\/wp\/v2\/posts\/1722","targetHints":{"allow":["GET"]}}],"collection":[{"href":"https:\/\/radiosucumbios.org.ec\/index.php?rest_route=\/wp\/v2\/posts"}],"about":[{"href":"https:\/\/radiosucumbios.org.ec\/index.php?rest_route=\/wp\/v2\/types\/post"}],"author":[{"embeddable":true,"href":"https:\/\/radiosucumbios.org.ec\/index.php?rest_route=\/wp\/v2\/users\/1"}],"replies":[{"embeddable":true,"href":"https:\/\/radiosucumbios.org.ec\/index.php?rest_route=%2Fwp%2Fv2%2Fcomments&post=1722"}],"version-history":[{"count":1,"href":"https:\/\/radiosucumbios.org.ec\/index.php?rest_route=\/wp\/v2\/posts\/1722\/revisions"}],"predecessor-version":[{"id":1723,"href":"https:\/\/radiosucumbios.org.ec\/index.php?rest_route=\/wp\/v2\/posts\/1722\/revisions\/1723"}],"wp:featuredmedia":[{"embeddable":true,"href":"https:\/\/radiosucumbios.org.ec\/index.php?rest_route=\/wp\/v2\/media\/1720"}],"wp:attachment":[{"href":"https:\/\/radiosucumbios.org.ec\/index.php?rest_route=%2Fwp%2Fv2%2Fmedia&parent=1722"}],"wp:term":[{"taxonomy":"category","embeddable":true,"href":"https:\/\/radiosucumbios.org.ec\/index.php?rest_route=%2Fwp%2Fv2%2Fcategories&post=1722"},{"taxonomy":"post_tag","embeddable":true,"href":"https:\/\/radiosucumbios.org.ec\/index.php?rest_route=%2Fwp%2Fv2%2Ftags&post=1722"}],"curies":[{"name":"wp","href":"https:\/\/api.w.org\/{rel}","templated":true}]}}