{"id":1728,"date":"2018-11-21T12:24:13","date_gmt":"2018-11-21T12:24:13","guid":{"rendered":"https:\/\/radiosucumbios.org.ec\/?p=1728"},"modified":"2018-11-21T12:24:13","modified_gmt":"2018-11-21T12:24:13","slug":"policias-del-caso-nina-del-diamante-recibieron-reconocimiento-publico","status":"publish","type":"post","link":"https:\/\/radiosucumbios.org.ec\/?p=1728","title":{"rendered":"Polic\u00edas del caso Ni\u00f1a del Diamante recibieron reconocimiento p\u00fablico"},"content":{"rendered":"<p>Polic\u00edas de Ecuador y Colombia que rescataron a ni\u00f1a raptada en Cascales recibieron un reconocimiento p\u00fablico<!--more--><\/p>\n<p>Los polic\u00edas de Ecuador y Colombia que participaron del proceso de investigaci\u00f3n y posterior rescate de la ni\u00f1a de 12 a\u00f1os que fue raptada desde su plantel educativa en el recinto Diamante del cant\u00f3n Cascales provincia de Sucumb\u00edos, recibieron un reconocimiento p\u00fablico de parte del Gobernador de la provincia de Sucumb\u00edos.<\/p>\n<p>Los uniformados pertenecen a los Grupos de Acci\u00f3n Unificada por la Libertad Personal \u201cGAULA\u00bb, de Colombia y de la Unidad Anti Secuestro y Extorsi\u00f3n UNASE de Ecuador<\/p>\n<p>El Gobernador Robert Gallegos agradeci\u00f3 el trabajo desplegado por los uniformados que trajeron sana y salva a la ni\u00f1a, que de manera violenta fue raptada desde su escuela, acontecimiento que caus\u00f3 conmoci\u00f3n provincial y nacional<\/p>\n<p>Jorge C\u00e1ceres c\u00f3nsul de Colombia en Nueva Loja, se\u00f1al\u00f3 que la cooperaci\u00f3n muy estrecha entre los dos pa\u00edses en materia de seguridad, garantiza la seguridad de los habitantes de ambas naciones<\/p>\n<p>Henry Herrera, Jefe Teniente Coronel de la UNASE de la polic\u00eda de Ecuador, se\u00f1al\u00f3 que pese a las cr\u00edticas que suele recibir la polic\u00eda nacional, en el caso de la ni\u00f1a de Cascales, demostraron el profesionalismo que tiene la polic\u00eda nacional<\/p>\n<p>Oscar Sanabria, Jefe Capit\u00e1n de los Grupos de Acci\u00f3n Unificada por la Libertad Personal \u201cGAULA\u00bb de Colombia, destac\u00f3 el fortalecimiento de las relaciones entre las dos naciones en la lucha contra la delincuencia.<\/p>\n<p>El proceso de instrucci\u00f3n fiscal contin\u00faa contra la persona responsable del rapto de la menor, sobre quien pesan los cargos de secuestro y violaci\u00f3n.<\/p>\n<p>Se conoci\u00f3 que la menor ya dio a luz a un hijo bar\u00f3n, mismo que se encuentra en buen estado de salud junto con su madre<\/p>\n","protected":false},"excerpt":{"rendered":"<p>Polic\u00edas de Ecuador y Colombia que rescataron a ni\u00f1a raptada en Cascales recibieron un reconocimiento p\u00fablico<\/p>\n","protected":false},"author":1,"featured_media":1729,"comment_status":"open","ping_status":"closed","sticky":false,"template":"","format":"standard","meta":{"footnotes":""},"categories":[3,5],"tags":[],"class_list":["post-1728","post","type-post","status-publish","format-standard","has-post-thumbnail","hentry","category-noticias","category-sucumbios"],"_links":{"self":[{"href":"https:\/\/radiosucumbios.org.ec\/index.php?rest_route=\/wp\/v2\/posts\/1728","targetHints":{"allow":["GET"]}}],"collection":[{"href":"https:\/\/radiosucumbios.org.ec\/index.php?rest_route=\/wp\/v2\/posts"}],"about":[{"href":"https:\/\/radiosucumbios.org.ec\/index.php?rest_route=\/wp\/v2\/types\/post"}],"author":[{"embeddable":true,"href":"https:\/\/radiosucumbios.org.ec\/index.php?rest_route=\/wp\/v2\/users\/1"}],"replies":[{"embeddable":true,"href":"https:\/\/radiosucumbios.org.ec\/index.php?rest_route=%2Fwp%2Fv2%2Fcomments&post=1728"}],"version-history":[{"count":1,"href":"https:\/\/radiosucumbios.org.ec\/index.php?rest_route=\/wp\/v2\/posts\/1728\/revisions"}],"predecessor-version":[{"id":1730,"href":"https:\/\/radiosucumbios.org.ec\/index.php?rest_route=\/wp\/v2\/posts\/1728\/revisions\/1730"}],"wp:featuredmedia":[{"embeddable":true,"href":"https:\/\/radiosucumbios.org.ec\/index.php?rest_route=\/wp\/v2\/media\/1729"}],"wp:attachment":[{"href":"https:\/\/radiosucumbios.org.ec\/index.php?rest_route=%2Fwp%2Fv2%2Fmedia&parent=1728"}],"wp:term":[{"taxonomy":"category","embeddable":true,"href":"https:\/\/radiosucumbios.org.ec\/index.php?rest_route=%2Fwp%2Fv2%2Fcategories&post=1728"},{"taxonomy":"post_tag","embeddable":true,"href":"https:\/\/radiosucumbios.org.ec\/index.php?rest_route=%2Fwp%2Fv2%2Ftags&post=1728"}],"curies":[{"name":"wp","href":"https:\/\/api.w.org\/{rel}","templated":true}]}}