{"id":173,"date":"2017-07-12T13:03:51","date_gmt":"2017-07-12T13:03:51","guid":{"rendered":"https:\/\/radiosucumbios.org.ec\/?p=173"},"modified":"2017-07-12T17:05:40","modified_gmt":"2017-07-12T17:05:40","slug":"carrera-medicina-ancestral-nacionalidades-sucumbios-aceptacion-del-consejo-universitario","status":"publish","type":"post","link":"https:\/\/radiosucumbios.org.ec\/?p=173","title":{"rendered":"Carrera de medicina ancestral para nacionalidades de Sucumb\u00edos tiene aceptaci\u00f3n del consejo Universitario"},"content":{"rendered":"<h4>La propuesta de creaci\u00f3n de la carrera de saberes y medicina ancestral en la Universidad Estatal amaz\u00f3nica presentada por dirigentes de las nacionalidades es aceptada por el Consejo Universitario.<\/h4>\n<p><!--more--><\/p>\n<p>Con la finalidad de fortalecer los conocimientos ancestrales y la medicina natural que tienen las nacionalidades, es necesario la creaci\u00f3n de una carrera que permita profundizar la investigaci\u00f3n y as\u00ed los j\u00f3venes puedan sostener sus tradiciones y conocimientos de los ancianos.<\/p>\n<p>El doctor Edison Segura rector de la sede universitaria Estatal Amaz\u00f3nica, indic\u00f3 que se ha extendido un documento de resoluci\u00f3n del Consejo Universitario aprobando la creaci\u00f3n de las carreras de Medicina Ancestral y Comunicaci\u00f3n Social.<\/p>\n<p>La autoridad de la sede universitaria Amaz\u00f3nica en Sucumb\u00edos, advierte que se requiere tiempo para documentar y armar los proyectos para la creaci\u00f3n de nuevas carreras, sin embargo se mostr\u00f3 optimista que para el 2018 se pueda lograr con estas carreras.<\/p>\n","protected":false},"excerpt":{"rendered":"<p>La propuesta de creaci\u00f3n de la carrera de saberes y medicina ancestral en la Universidad Estatal amaz\u00f3nica presentada por dirigentes de las nacionalidades es aceptada por el Consejo Universitario.<\/p>\n","protected":false},"author":1,"featured_media":174,"comment_status":"open","ping_status":"closed","sticky":false,"template":"","format":"standard","meta":{"footnotes":""},"categories":[10],"tags":[],"class_list":["post-173","post","type-post","status-publish","format-standard","has-post-thumbnail","hentry","category-interculturalidad"],"_links":{"self":[{"href":"https:\/\/radiosucumbios.org.ec\/index.php?rest_route=\/wp\/v2\/posts\/173","targetHints":{"allow":["GET"]}}],"collection":[{"href":"https:\/\/radiosucumbios.org.ec\/index.php?rest_route=\/wp\/v2\/posts"}],"about":[{"href":"https:\/\/radiosucumbios.org.ec\/index.php?rest_route=\/wp\/v2\/types\/post"}],"author":[{"embeddable":true,"href":"https:\/\/radiosucumbios.org.ec\/index.php?rest_route=\/wp\/v2\/users\/1"}],"replies":[{"embeddable":true,"href":"https:\/\/radiosucumbios.org.ec\/index.php?rest_route=%2Fwp%2Fv2%2Fcomments&post=173"}],"version-history":[{"count":1,"href":"https:\/\/radiosucumbios.org.ec\/index.php?rest_route=\/wp\/v2\/posts\/173\/revisions"}],"predecessor-version":[{"id":175,"href":"https:\/\/radiosucumbios.org.ec\/index.php?rest_route=\/wp\/v2\/posts\/173\/revisions\/175"}],"wp:featuredmedia":[{"embeddable":true,"href":"https:\/\/radiosucumbios.org.ec\/index.php?rest_route=\/wp\/v2\/media\/174"}],"wp:attachment":[{"href":"https:\/\/radiosucumbios.org.ec\/index.php?rest_route=%2Fwp%2Fv2%2Fmedia&parent=173"}],"wp:term":[{"taxonomy":"category","embeddable":true,"href":"https:\/\/radiosucumbios.org.ec\/index.php?rest_route=%2Fwp%2Fv2%2Fcategories&post=173"},{"taxonomy":"post_tag","embeddable":true,"href":"https:\/\/radiosucumbios.org.ec\/index.php?rest_route=%2Fwp%2Fv2%2Ftags&post=173"}],"curies":[{"name":"wp","href":"https:\/\/api.w.org\/{rel}","templated":true}]}}