{"id":1737,"date":"2018-12-13T17:41:07","date_gmt":"2018-12-13T17:41:07","guid":{"rendered":"https:\/\/radiosucumbios.org.ec\/?p=1737"},"modified":"2018-12-13T17:41:07","modified_gmt":"2018-12-13T17:41:07","slug":"stalin-basantes-moreno-asume-la-direccion-general-del-ecu-911","status":"publish","type":"post","link":"https:\/\/radiosucumbios.org.ec\/?p=1737","title":{"rendered":"Stalin Basantes Moreno asume la Direcci\u00f3n General del ECU 911"},"content":{"rendered":"<p>El Comit\u00e9 Interinstitucional del Servicio Integrado ECU 911, realizado hoy, design\u00f3 al Ing. Stalin Basantes Moreno como Director General del ECU 911.<!--more--><\/p>\n<p>Stalin Basantes cuenta con estudios de postgrado y experiencia en investigaci\u00f3n en Pol\u00edticas P\u00fablicas y Desarrollo que han sido de gran aporte en diversos cargos de la gesti\u00f3n p\u00fablica que ha ejercido; entre los que se destacan haber sido asesor del actual Presidente de la Rep\u00fablica, Lic. Len\u00edn Moreno Garc\u00e9s, cuando se desempe\u00f1aba como Vicepresidente de la Rep\u00fablica, tambi\u00e9n fue Coordinador T\u00e9cnico de la Misi\u00f3n Solidaria Manuela Espejo en dicho per\u00edodo.<\/p>\n<p>Adem\u00e1s, fue Viceministro Coordinador de Seguridad y encargado de la estructuraci\u00f3n del primer Plan Nacional de Seguridad Integral y las correspondientes Agendas de Pol\u00edtica P\u00fablica del Sector de Seguridad; alcanz\u00f3 distinciones nacionales e internacionales, tales como:<\/p>\n<p>Presidente de la Comisi\u00f3n Binacional Ecuador-Per\u00fa de Lucha Contra el Contrabando, Presidente del Comit\u00e9 Andino Contra la Miner\u00eda Ilegal de la Comunidad Andina, Secretario del Consejo Nacional de Soberan\u00eda Energ\u00e9tica, Prosecretario del Consejo de Seguridad P\u00fablica y del Estado y Presidente de la Comisi\u00f3n de Estad\u00edsticas de Seguridad Integral.<\/p>\n<p>Desde el Viceministerio Coordinador de Seguridad, impuls\u00f3 la definici\u00f3n y conceptualizaci\u00f3n de la Seguridad Integral en el Ecuador que se aplic\u00f3 en el dise\u00f1o y construcci\u00f3n del Servicio Integrado ECU 911, evidenciando coherencia entre el car\u00e1cter doctrinario y la ejecuci\u00f3n de la pol\u00edtica p\u00fablica en atenci\u00f3n a la demanda real de la ciudadan\u00eda.<\/p>\n<p>En 2015, orient\u00f3 y profundiz\u00f3 su trabajo hacia la atenci\u00f3n de las personas con discapacidad, fue Subsecretario T\u00e9cnico en la Secretar\u00eda T\u00e9cnica de Discapacidades.<\/p>\n<p>En 2018, se desempe\u00f1\u00f3 como Secretario T\u00e9cnico del Sistema Nacional de Cualificaciones Profesionales, desde donde lider\u00f3 acciones relevantes para el fortalecimiento de la formaci\u00f3n t\u00e9cnica profesional en el pa\u00eds; para ello, promovi\u00f3 y lider\u00f3 la publicaci\u00f3n de la primera Agenda Nacional de Capacitaci\u00f3n, as\u00ed como la implementaci\u00f3n del servicio de Capacitadores Independientes.<\/p>\n<p>Basantes Moreno, a quien acompa\u00f1a una notable experiencia en el campo de la seguridad, ratific\u00f3 el compromiso de trabajar articuladamente con todas las instituciones que configuran este servicio, retomando el sentido fundante del ECU 911 en di\u00e1logo con las demandas de la ciudadan\u00eda, en concordancia con la vis\u00f3n del Gobierno Nacional, liderado por el Presidente de la Rep\u00fablica, Lic. Len\u00edn Moreno Garc\u00e9s.<\/p>\n<p>Finalmente, se\u00f1al\u00f3 la necesidad de realizar un diagn\u00f3stico total de la instituci\u00f3n que permita implementar un plan de acci\u00f3n para fortalecer el servicio y resalt\u00f3 que el ECU 911 compromete la corresponsabilidad de la ciudadan\u00eda, no solo en su buen uso, sino en el reporte de la calidad del servicio, \u201cporque el ECU 911 es de todos\u201d a\u00f1adi\u00f3.<\/p>\n","protected":false},"excerpt":{"rendered":"<p>El Comit\u00e9 Interinstitucional del Servicio Integrado ECU 911, realizado hoy, design\u00f3 al Ing. Stalin Basantes Moreno como Director General del ECU 911.<\/p>\n","protected":false},"author":1,"featured_media":1738,"comment_status":"open","ping_status":"closed","sticky":false,"template":"","format":"standard","meta":{"footnotes":""},"categories":[3],"tags":[],"class_list":["post-1737","post","type-post","status-publish","format-standard","has-post-thumbnail","hentry","category-noticias"],"_links":{"self":[{"href":"https:\/\/radiosucumbios.org.ec\/index.php?rest_route=\/wp\/v2\/posts\/1737","targetHints":{"allow":["GET"]}}],"collection":[{"href":"https:\/\/radiosucumbios.org.ec\/index.php?rest_route=\/wp\/v2\/posts"}],"about":[{"href":"https:\/\/radiosucumbios.org.ec\/index.php?rest_route=\/wp\/v2\/types\/post"}],"author":[{"embeddable":true,"href":"https:\/\/radiosucumbios.org.ec\/index.php?rest_route=\/wp\/v2\/users\/1"}],"replies":[{"embeddable":true,"href":"https:\/\/radiosucumbios.org.ec\/index.php?rest_route=%2Fwp%2Fv2%2Fcomments&post=1737"}],"version-history":[{"count":1,"href":"https:\/\/radiosucumbios.org.ec\/index.php?rest_route=\/wp\/v2\/posts\/1737\/revisions"}],"predecessor-version":[{"id":1739,"href":"https:\/\/radiosucumbios.org.ec\/index.php?rest_route=\/wp\/v2\/posts\/1737\/revisions\/1739"}],"wp:featuredmedia":[{"embeddable":true,"href":"https:\/\/radiosucumbios.org.ec\/index.php?rest_route=\/wp\/v2\/media\/1738"}],"wp:attachment":[{"href":"https:\/\/radiosucumbios.org.ec\/index.php?rest_route=%2Fwp%2Fv2%2Fmedia&parent=1737"}],"wp:term":[{"taxonomy":"category","embeddable":true,"href":"https:\/\/radiosucumbios.org.ec\/index.php?rest_route=%2Fwp%2Fv2%2Fcategories&post=1737"},{"taxonomy":"post_tag","embeddable":true,"href":"https:\/\/radiosucumbios.org.ec\/index.php?rest_route=%2Fwp%2Fv2%2Ftags&post=1737"}],"curies":[{"name":"wp","href":"https:\/\/api.w.org\/{rel}","templated":true}]}}