{"id":1746,"date":"2018-12-17T12:42:12","date_gmt":"2018-12-17T12:42:12","guid":{"rendered":"https:\/\/radiosucumbios.org.ec\/?p=1746"},"modified":"2018-12-17T12:42:12","modified_gmt":"2018-12-17T12:42:12","slug":"grefa-garofalo-inscribieron-candidaturas-la-prefectura-sucumbios","status":"publish","type":"post","link":"https:\/\/radiosucumbios.org.ec\/?p=1746","title":{"rendered":"Grefa \u2013 Gar\u00f3falo inscribieron sus candidaturas a la prefectura de Sucumb\u00edos"},"content":{"rendered":"<p>El pasado jueves 13 de diciembre por la tarde, el binomio Orlando <strong>Grefa \u2013 <\/strong>C\u00e9lida<strong> Gar\u00f3falo<\/strong>, candidatos a la prefectura y vice-prefectura respectivamente por la alianza pol\u00edtica <strong>Mushuk Inti \u2013 Pa\u00eds<\/strong> realizaron su inscripci\u00f3n y aseguraron que cumplieron con todo el proceso para asegurar su participaci\u00f3n como candidato a la prefectura de Sucumb\u00edos.<!--more--><\/p>\n<p>De acuerdo al calendario electoral establecido por el Consejo Nacional Electoral para Elecciones de 2019, el 22 de noviembre inicio la etapa de inscripci\u00f3n de candidaturas, la misma que concluir\u00e1 el viernes 21 de diciembre\u00a0 a las 18h00, hasta el momento solo un movimiento pol\u00edtico de Sucumb\u00edos ha realizado el registro de sus candidatos.<\/p>\n<p>Previo al proceso de inscripci\u00f3n las organizaciones, movimientos y partidos pol\u00edticos, deber\u00e1n cumplir con las primarias en donde sus afiliados o adherentes permanentes, elegir\u00e1n a sus candidatos, quienes optaran por terciar para prefecto\/a, vice prefecto\/a, alcaldes, concejal\u00edas urbanas y rurales, como tambi\u00e9n las vocal\u00edas de las juntas parroquiales.<\/p>\n<p>Juan Gallegos abogado y presidente de la Junta Provincial Electoral de Sucumb\u00edos, recomienda a los aspirantes a candidatos, revisen bien los requisitos para agilitar los procesos.<\/p>\n<p>Dentro del proceso de inscripci\u00f3n, los candidatos deben estar muy claros que existen algunas inhabilidades que les proh\u00edbe su participaci\u00f3n en el proceso electoral.<\/p>\n","protected":false},"excerpt":{"rendered":"<p>El pasado jueves 13 de diciembre por la tarde, el binomio Orlando Grefa \u2013 C\u00e9lida Gar\u00f3falo, candidatos a la prefectura y vice-prefectura respectivamente por la alianza pol\u00edtica Mushuk Inti \u2013 Pa\u00eds realizaron su inscripci\u00f3n y aseguraron que cumplieron con todo el proceso para asegurar su participaci\u00f3n como candidato a la prefectura de Sucumb\u00edos.<\/p>\n","protected":false},"author":1,"featured_media":1747,"comment_status":"open","ping_status":"closed","sticky":false,"template":"","format":"standard","meta":{"footnotes":""},"categories":[92,5],"tags":[],"class_list":["post-1746","post","type-post","status-publish","format-standard","has-post-thumbnail","hentry","category-elecciones-2019","category-sucumbios"],"_links":{"self":[{"href":"https:\/\/radiosucumbios.org.ec\/index.php?rest_route=\/wp\/v2\/posts\/1746","targetHints":{"allow":["GET"]}}],"collection":[{"href":"https:\/\/radiosucumbios.org.ec\/index.php?rest_route=\/wp\/v2\/posts"}],"about":[{"href":"https:\/\/radiosucumbios.org.ec\/index.php?rest_route=\/wp\/v2\/types\/post"}],"author":[{"embeddable":true,"href":"https:\/\/radiosucumbios.org.ec\/index.php?rest_route=\/wp\/v2\/users\/1"}],"replies":[{"embeddable":true,"href":"https:\/\/radiosucumbios.org.ec\/index.php?rest_route=%2Fwp%2Fv2%2Fcomments&post=1746"}],"version-history":[{"count":1,"href":"https:\/\/radiosucumbios.org.ec\/index.php?rest_route=\/wp\/v2\/posts\/1746\/revisions"}],"predecessor-version":[{"id":1748,"href":"https:\/\/radiosucumbios.org.ec\/index.php?rest_route=\/wp\/v2\/posts\/1746\/revisions\/1748"}],"wp:featuredmedia":[{"embeddable":true,"href":"https:\/\/radiosucumbios.org.ec\/index.php?rest_route=\/wp\/v2\/media\/1747"}],"wp:attachment":[{"href":"https:\/\/radiosucumbios.org.ec\/index.php?rest_route=%2Fwp%2Fv2%2Fmedia&parent=1746"}],"wp:term":[{"taxonomy":"category","embeddable":true,"href":"https:\/\/radiosucumbios.org.ec\/index.php?rest_route=%2Fwp%2Fv2%2Fcategories&post=1746"},{"taxonomy":"post_tag","embeddable":true,"href":"https:\/\/radiosucumbios.org.ec\/index.php?rest_route=%2Fwp%2Fv2%2Ftags&post=1746"}],"curies":[{"name":"wp","href":"https:\/\/api.w.org\/{rel}","templated":true}]}}