{"id":1750,"date":"2018-12-17T13:30:54","date_gmt":"2018-12-17T13:30:54","guid":{"rendered":"https:\/\/radiosucumbios.org.ec\/?p=1750"},"modified":"2018-12-17T13:30:54","modified_gmt":"2018-12-17T13:30:54","slug":"oswaldo-calvopina-objeta-candidatura-del-ex-prefecto-orlando-grefa","status":"publish","type":"post","link":"https:\/\/radiosucumbios.org.ec\/?p=1750","title":{"rendered":"Oswaldo Calvopi\u00f1a objeta candidatura del ex prefecto Orlando Grefa"},"content":{"rendered":"<p>El ex viceprefecto de Sucumb\u00edos Oswaldo Calvopi\u00f1a, director provincial del partido pol\u00edtico Centro Democr\u00e1tico, present\u00f3 una objeci\u00f3n a la candidatura del ex prefecto Orlando Grefa que se inscribi\u00f3 por la alianza pol\u00edtica Mushuk Inti &#8211; Pa\u00eds.<\/p>\n<p><!--more--><\/p>\n<p>Calvopi\u00f1a argument\u00f3, que Orlando Grefa tiene impedimento para ejercer cargo p\u00fablico, puesto que la Corte Constitucional y la Contralor\u00eda General del Estado ratificaron en firme la destituci\u00f3n del que fue objeto cuando ejerc\u00eda las funciones de prefecto provincial en el periodo 2010 \u2013 2014.<\/p>\n<p>En enero del 2017, la contralor\u00eda dispuso al actual seno del consejo proceda a cobrar la multa que fue impuesta tras la destituci\u00f3n del cargo.<\/p>\n<p>Orlando Grefa no habr\u00eda dado seguimiento al proceso interpuesto ante el contencioso administrativo, por lo tanto fue declarado en abandono y la sanci\u00f3n administrativa de destituci\u00f3n habr\u00eda quedado en firme.<\/p>\n<p>En la base de datos online del Ministerio de Trabajo consta que el se\u00f1or Orlando Grefa tiene impedimento legal para modalidad laboral a ocupar nombramiento permanente<\/p>\n<p>Oswaldo Calvopi\u00f1a director del partido Centro Democr\u00e1tico, espera que los vocales de la junta provincial electoral de Sucumb\u00edos act\u00faen apegados a derecho y valoren las pruebas que adjunta a la objeci\u00f3n presentada.<\/p>\n<p><iframe id='audio_30841665' frameborder='0' allowfullscreen='' scrolling='no' height='200' style='border:1px solid #EEE; box-sizing:border-box; width:100%;' src=\"https:\/\/mx.ivoox.com\/es\/player_ej_30841665_4_1.html?c1=ff6600\"><\/iframe><\/p>\n","protected":false},"excerpt":{"rendered":"<p>El ex viceprefecto de Sucumb\u00edos Oswaldo Calvopi\u00f1a, director provincial del partido pol\u00edtico Centro Democr\u00e1tico, present\u00f3 una objeci\u00f3n a la candidatura del ex prefecto Orlando Grefa que se inscribi\u00f3 por la alianza pol\u00edtica Mushuk Inti &#8211; Pa\u00eds.<\/p>\n","protected":false},"author":1,"featured_media":1751,"comment_status":"open","ping_status":"closed","sticky":false,"template":"","format":"standard","meta":{"footnotes":""},"categories":[92,5],"tags":[],"class_list":["post-1750","post","type-post","status-publish","format-standard","has-post-thumbnail","hentry","category-elecciones-2019","category-sucumbios"],"_links":{"self":[{"href":"https:\/\/radiosucumbios.org.ec\/index.php?rest_route=\/wp\/v2\/posts\/1750","targetHints":{"allow":["GET"]}}],"collection":[{"href":"https:\/\/radiosucumbios.org.ec\/index.php?rest_route=\/wp\/v2\/posts"}],"about":[{"href":"https:\/\/radiosucumbios.org.ec\/index.php?rest_route=\/wp\/v2\/types\/post"}],"author":[{"embeddable":true,"href":"https:\/\/radiosucumbios.org.ec\/index.php?rest_route=\/wp\/v2\/users\/1"}],"replies":[{"embeddable":true,"href":"https:\/\/radiosucumbios.org.ec\/index.php?rest_route=%2Fwp%2Fv2%2Fcomments&post=1750"}],"version-history":[{"count":1,"href":"https:\/\/radiosucumbios.org.ec\/index.php?rest_route=\/wp\/v2\/posts\/1750\/revisions"}],"predecessor-version":[{"id":1752,"href":"https:\/\/radiosucumbios.org.ec\/index.php?rest_route=\/wp\/v2\/posts\/1750\/revisions\/1752"}],"wp:featuredmedia":[{"embeddable":true,"href":"https:\/\/radiosucumbios.org.ec\/index.php?rest_route=\/wp\/v2\/media\/1751"}],"wp:attachment":[{"href":"https:\/\/radiosucumbios.org.ec\/index.php?rest_route=%2Fwp%2Fv2%2Fmedia&parent=1750"}],"wp:term":[{"taxonomy":"category","embeddable":true,"href":"https:\/\/radiosucumbios.org.ec\/index.php?rest_route=%2Fwp%2Fv2%2Fcategories&post=1750"},{"taxonomy":"post_tag","embeddable":true,"href":"https:\/\/radiosucumbios.org.ec\/index.php?rest_route=%2Fwp%2Fv2%2Ftags&post=1750"}],"curies":[{"name":"wp","href":"https:\/\/api.w.org\/{rel}","templated":true}]}}