{"id":1762,"date":"2018-12-19T13:23:49","date_gmt":"2018-12-19T13:23:49","guid":{"rendered":"https:\/\/radiosucumbios.org.ec\/?p=1762"},"modified":"2018-12-19T13:23:49","modified_gmt":"2018-12-19T13:23:49","slug":"jpes-espera-certificacion-la-objecion-orlando-grefa","status":"publish","type":"post","link":"https:\/\/radiosucumbios.org.ec\/?p=1762","title":{"rendered":"JPES Espera certificaci\u00f3n a la objeci\u00f3n de Orlando Grefa"},"content":{"rendered":"<p>Junta Provincial Electoral de Sucumb\u00edos espera certificaci\u00f3n a la objeci\u00f3n de la candidatura de Orlando Grefa<!--more--><\/p>\n<p>Luego que fue inscrita la candidatura del se\u00f1or Orlando Grefa\u00a0 a la prefectura de Sucumb\u00edos en binomio con la se\u00f1ora Celida Gar\u00f3falo, fue presentada una objeci\u00f3n por parte del se\u00f1or Oswaldo Calvopi\u00f1a, director provincial de Centro Democr\u00e1tico.<\/p>\n<p>La Junta Provincial Electoral espera un certificado para analizar el caso y confirmar su inscripci\u00f3n.<\/p>\n<p>Hasta el momento no habido ninguna documentaci\u00f3n de descargo a dicha objeci\u00f3n, el plazo que dice la normativa del C\u00f3digo de la Democracia es de 48 horas a partir de la notificaci\u00f3n.<\/p>\n<p>Juan Gallegos presidente del Junta Electoral de Sucumb\u00edos, se\u00f1al\u00f3 que la objeci\u00f3n es de un supuesto impedimento de ocupar cargos p\u00fablicos, la notificaci\u00f3n ya se habr\u00edan entregado el d\u00eda lunes para que haga su descargo.<\/p>\n<p>Una vez ingresada la documentaci\u00f3n que certifique no tener ning\u00fan impedimento, el proceso queda en manos de los consejeros de la Junta Provincial Electoral para su an\u00e1lisis y resoluci\u00f3n en cuanto a si el candidato puede ratificar su inscripci\u00f3n.<\/p>\n<p><iframe id='audio_30900901' frameborder='0' allowfullscreen='' scrolling='no' height='200' style='border:1px solid #EEE; box-sizing:border-box; width:100%;' src=\"https:\/\/mx.ivoox.com\/es\/player_ej_30900901_4_1.html?c1=ff6600\"><\/iframe><\/p>\n","protected":false},"excerpt":{"rendered":"<p>Junta Provincial Electoral de Sucumb\u00edos espera certificaci\u00f3n a la objeci\u00f3n de la candidatura de Orlando Grefa<\/p>\n","protected":false},"author":1,"featured_media":1763,"comment_status":"open","ping_status":"closed","sticky":false,"template":"","format":"standard","meta":{"footnotes":""},"categories":[92,5],"tags":[],"class_list":["post-1762","post","type-post","status-publish","format-standard","has-post-thumbnail","hentry","category-elecciones-2019","category-sucumbios"],"_links":{"self":[{"href":"https:\/\/radiosucumbios.org.ec\/index.php?rest_route=\/wp\/v2\/posts\/1762","targetHints":{"allow":["GET"]}}],"collection":[{"href":"https:\/\/radiosucumbios.org.ec\/index.php?rest_route=\/wp\/v2\/posts"}],"about":[{"href":"https:\/\/radiosucumbios.org.ec\/index.php?rest_route=\/wp\/v2\/types\/post"}],"author":[{"embeddable":true,"href":"https:\/\/radiosucumbios.org.ec\/index.php?rest_route=\/wp\/v2\/users\/1"}],"replies":[{"embeddable":true,"href":"https:\/\/radiosucumbios.org.ec\/index.php?rest_route=%2Fwp%2Fv2%2Fcomments&post=1762"}],"version-history":[{"count":1,"href":"https:\/\/radiosucumbios.org.ec\/index.php?rest_route=\/wp\/v2\/posts\/1762\/revisions"}],"predecessor-version":[{"id":1764,"href":"https:\/\/radiosucumbios.org.ec\/index.php?rest_route=\/wp\/v2\/posts\/1762\/revisions\/1764"}],"wp:featuredmedia":[{"embeddable":true,"href":"https:\/\/radiosucumbios.org.ec\/index.php?rest_route=\/wp\/v2\/media\/1763"}],"wp:attachment":[{"href":"https:\/\/radiosucumbios.org.ec\/index.php?rest_route=%2Fwp%2Fv2%2Fmedia&parent=1762"}],"wp:term":[{"taxonomy":"category","embeddable":true,"href":"https:\/\/radiosucumbios.org.ec\/index.php?rest_route=%2Fwp%2Fv2%2Fcategories&post=1762"},{"taxonomy":"post_tag","embeddable":true,"href":"https:\/\/radiosucumbios.org.ec\/index.php?rest_route=%2Fwp%2Fv2%2Ftags&post=1762"}],"curies":[{"name":"wp","href":"https:\/\/api.w.org\/{rel}","templated":true}]}}