{"id":1773,"date":"2018-12-20T12:02:03","date_gmt":"2018-12-20T12:02:03","guid":{"rendered":"https:\/\/radiosucumbios.org.ec\/?p=1773"},"modified":"2018-12-20T12:02:58","modified_gmt":"2018-12-20T12:02:58","slug":"candidatos-candidatas-la-alianza-suma-acuerdo-ciudadano-se-inscribieron-cne","status":"publish","type":"post","link":"https:\/\/radiosucumbios.org.ec\/?p=1773","title":{"rendered":"Candidatos y candidatas de la alianza Suma &#8211; Acuerdo Ciudadano se inscribieron en el CNE"},"content":{"rendered":"<p>Este 19 de diciembre candidatos y candidatas, de la alianza Suma 23 y Acuerdo Ciudadano 77, acompa\u00f1ados de cientos de simpatizantes llegaron a las instalaciones de la delegaci\u00f3n electoral de Sucumb\u00edos en la ciudad de Nueva Loja cant\u00f3n Lago Agrio, para formalizaron su inscripci\u00f3n y participara en las elecciones de marzo 2019.<!--more--><\/p>\n<p>Desde muy por la ma\u00f1ana, dirigentes y habitantes de las comunidades de todos los cantones, llegaron a la sede principal de la organizaci\u00f3n pol\u00edtica y posteriormente realizaron un caminata hasta llegar a las instalaciones del CNE Sucumb\u00edos para realizar sus inscripciones.<\/p>\n<p>El l\u00edder de SUMA 23 y candidato a la prefectura\u00a0 Amado Ch\u00e1vez, se mostr\u00f3 complacido por el gran respaldo de los habitantes y pidi\u00f3 disculpas por no haber podido ayudar con el transporte para que se movilicen a tiempo, pero pondr\u00e1 todo su empe\u00f1o en la prefectura de Sucumb\u00edos para devolver este esfuerzo de los habitantes<\/p>\n<p>Su binomio Gladys Castro, candidata a la viceprefectura, oriunda del cant\u00f3n Shushufindi, se\u00f1al\u00f3 que tienen el compromiso para realizar un trabajo con transparencia, principalmente con el sector rural de acuerdo a sus competencias y no enga\u00f1ar donde no se pueda hacer las obras.<\/p>\n<p>Otras de las candidatas que ya se registr\u00f3 en el CNE como candidata a la alcald\u00eda del cant\u00f3n Shushufindi, es Esperanza Torres, mostr\u00f3 su compromiso de confianza que llegar\u00e1 a la alcald\u00eda.<\/p>\n<p>De la misma manera, ya fue inscrito Abraham Freire como candidato a la alcald\u00eda del cant\u00f3n Lago Agrio, \u00e9l se mostr\u00f3 muy optimista por el trabajo que ha hecho durante dos periodos como concejal y ahora tienen personas importantes que han sido seleccionados para que ocupen las concejal\u00edas tanto urbanas como rurales.<\/p>\n<p>De esta manera estos d\u00edas esperaran hasta que la Junta Provincial Electoral califique todas las candidaturas y estar listo para su participaci\u00f3n<\/p>\n","protected":false},"excerpt":{"rendered":"<p>Este 19 de diciembre candidatos y candidatas, de la alianza Suma 23 y Acuerdo Ciudadano 77, acompa\u00f1ados de cientos de simpatizantes llegaron a las instalaciones de la delegaci\u00f3n electoral de Sucumb\u00edos en la ciudad de Nueva Loja cant\u00f3n Lago Agrio, para formalizaron su inscripci\u00f3n y participara en las elecciones de marzo 2019.<\/p>\n","protected":false},"author":1,"featured_media":1774,"comment_status":"open","ping_status":"closed","sticky":false,"template":"","format":"standard","meta":{"footnotes":""},"categories":[92,5],"tags":[],"class_list":["post-1773","post","type-post","status-publish","format-standard","has-post-thumbnail","hentry","category-elecciones-2019","category-sucumbios"],"_links":{"self":[{"href":"https:\/\/radiosucumbios.org.ec\/index.php?rest_route=\/wp\/v2\/posts\/1773","targetHints":{"allow":["GET"]}}],"collection":[{"href":"https:\/\/radiosucumbios.org.ec\/index.php?rest_route=\/wp\/v2\/posts"}],"about":[{"href":"https:\/\/radiosucumbios.org.ec\/index.php?rest_route=\/wp\/v2\/types\/post"}],"author":[{"embeddable":true,"href":"https:\/\/radiosucumbios.org.ec\/index.php?rest_route=\/wp\/v2\/users\/1"}],"replies":[{"embeddable":true,"href":"https:\/\/radiosucumbios.org.ec\/index.php?rest_route=%2Fwp%2Fv2%2Fcomments&post=1773"}],"version-history":[{"count":1,"href":"https:\/\/radiosucumbios.org.ec\/index.php?rest_route=\/wp\/v2\/posts\/1773\/revisions"}],"predecessor-version":[{"id":1775,"href":"https:\/\/radiosucumbios.org.ec\/index.php?rest_route=\/wp\/v2\/posts\/1773\/revisions\/1775"}],"wp:featuredmedia":[{"embeddable":true,"href":"https:\/\/radiosucumbios.org.ec\/index.php?rest_route=\/wp\/v2\/media\/1774"}],"wp:attachment":[{"href":"https:\/\/radiosucumbios.org.ec\/index.php?rest_route=%2Fwp%2Fv2%2Fmedia&parent=1773"}],"wp:term":[{"taxonomy":"category","embeddable":true,"href":"https:\/\/radiosucumbios.org.ec\/index.php?rest_route=%2Fwp%2Fv2%2Fcategories&post=1773"},{"taxonomy":"post_tag","embeddable":true,"href":"https:\/\/radiosucumbios.org.ec\/index.php?rest_route=%2Fwp%2Fv2%2Ftags&post=1773"}],"curies":[{"name":"wp","href":"https:\/\/api.w.org\/{rel}","templated":true}]}}