{"id":1776,"date":"2018-12-20T12:10:31","date_gmt":"2018-12-20T12:10:31","guid":{"rendered":"https:\/\/radiosucumbios.org.ec\/?p=1776"},"modified":"2018-12-20T12:10:58","modified_gmt":"2018-12-20T12:10:58","slug":"junta-provincial-electoral-sucumbios-rechazo-inscripcion-del-candidato-orlando-grefa","status":"publish","type":"post","link":"https:\/\/radiosucumbios.org.ec\/?p=1776","title":{"rendered":"Junta provincial electoral de Sucumb\u00edos rechaz\u00f3 inscripci\u00f3n del candidato Orlando Grefa"},"content":{"rendered":"<p>De manera un\u00e1nime los vocales de la Junta Provincial Electoral de Sucumb\u00edos, aceptaron la objeci\u00f3n presentada a la candidatura de Orlando Grefa y quedo descalificado en primer instancia.<!--more--><\/p>\n<p>El presidente del organismo electoral, abogado Juan Gallegos, se\u00f1al\u00f3 que el candidato objetado tuvo el tiempo necesario para su defensa<\/p>\n<p>Orlando Grefa qui\u00e9n fue destituido por la Contralor\u00eda General del Estado, no logr\u00f3 desvanecer las pruebas de cargo que adjunto Oswaldo Calvopi\u00f1a para objetar su participaci\u00f3n<\/p>\n<p>A Orlando Grefa le queda la instancia de impugnaci\u00f3n o apelaci\u00f3n ante el CNE\u00a0 Tribunal Contencioso Electoral<\/p>\n<p><iframe id='audio_30926495' frameborder='0' allowfullscreen='' scrolling='no' height='200' style='border:1px solid #EEE; box-sizing:border-box; width:100%;' src=\"https:\/\/mx.ivoox.com\/es\/player_ej_30926495_4_1.html?c1=ff6600\"><\/iframe><\/p>\n","protected":false},"excerpt":{"rendered":"<p>De manera un\u00e1nime los vocales de la Junta Provincial Electoral de Sucumb\u00edos, aceptaron la objeci\u00f3n presentada a la candidatura de Orlando Grefa y quedo descalificado en primer instancia.<\/p>\n","protected":false},"author":1,"featured_media":1747,"comment_status":"open","ping_status":"closed","sticky":false,"template":"","format":"standard","meta":{"footnotes":""},"categories":[92,5],"tags":[],"class_list":["post-1776","post","type-post","status-publish","format-standard","has-post-thumbnail","hentry","category-elecciones-2019","category-sucumbios"],"_links":{"self":[{"href":"https:\/\/radiosucumbios.org.ec\/index.php?rest_route=\/wp\/v2\/posts\/1776","targetHints":{"allow":["GET"]}}],"collection":[{"href":"https:\/\/radiosucumbios.org.ec\/index.php?rest_route=\/wp\/v2\/posts"}],"about":[{"href":"https:\/\/radiosucumbios.org.ec\/index.php?rest_route=\/wp\/v2\/types\/post"}],"author":[{"embeddable":true,"href":"https:\/\/radiosucumbios.org.ec\/index.php?rest_route=\/wp\/v2\/users\/1"}],"replies":[{"embeddable":true,"href":"https:\/\/radiosucumbios.org.ec\/index.php?rest_route=%2Fwp%2Fv2%2Fcomments&post=1776"}],"version-history":[{"count":1,"href":"https:\/\/radiosucumbios.org.ec\/index.php?rest_route=\/wp\/v2\/posts\/1776\/revisions"}],"predecessor-version":[{"id":1777,"href":"https:\/\/radiosucumbios.org.ec\/index.php?rest_route=\/wp\/v2\/posts\/1776\/revisions\/1777"}],"wp:featuredmedia":[{"embeddable":true,"href":"https:\/\/radiosucumbios.org.ec\/index.php?rest_route=\/wp\/v2\/media\/1747"}],"wp:attachment":[{"href":"https:\/\/radiosucumbios.org.ec\/index.php?rest_route=%2Fwp%2Fv2%2Fmedia&parent=1776"}],"wp:term":[{"taxonomy":"category","embeddable":true,"href":"https:\/\/radiosucumbios.org.ec\/index.php?rest_route=%2Fwp%2Fv2%2Fcategories&post=1776"},{"taxonomy":"post_tag","embeddable":true,"href":"https:\/\/radiosucumbios.org.ec\/index.php?rest_route=%2Fwp%2Fv2%2Ftags&post=1776"}],"curies":[{"name":"wp","href":"https:\/\/api.w.org\/{rel}","templated":true}]}}