{"id":1778,"date":"2018-12-20T12:21:53","date_gmt":"2018-12-20T12:21:53","guid":{"rendered":"https:\/\/radiosucumbios.org.ec\/?p=1778"},"modified":"2018-12-20T12:21:53","modified_gmt":"2018-12-20T12:21:53","slug":"partido-social-cristiano-sucumbios-confirma-participacion-elecciones-jenny-rodriguez-la-prefectura","status":"publish","type":"post","link":"https:\/\/radiosucumbios.org.ec\/?p=1778","title":{"rendered":"El Partido Social Cristiano en Sucumb\u00edos confirma su participaci\u00f3n a elecciones\u00a0 con Jenny Rodr\u00edguez a la prefectura"},"content":{"rendered":"<p>Dirigentes del Partido Social Cristiano en Sucumb\u00edos, confirman su participaci\u00f3n en los comicios electorales de marzo 2019, con Jenny Rodr\u00edguez\u00a0 a la prefectura y Arturo \u201cCholo\u201d Calva a la alcald\u00eda del cant\u00f3n Lago Agrio.<!--more--><\/p>\n<p>Seg\u00fan la coordinaci\u00f3n provincial del partido, la selecci\u00f3n de candidatos se dio mediante las primarias, como en el caso de la candidatura a la prefectura que, se presentaron dos listas, la una que encabezaba el se\u00f1or Eloy Torres y la segunda la ingeniera Jenny Rodr\u00edguez.<\/p>\n<p>Pedro Escalante, coordinador provincial del partido Social Cristiano en Sucumb\u00edos, se\u00f1al\u00f3 que est\u00e1n cumpliendo con la normativa del C\u00f3digo de la Democracia para seleccionar a los candidatos y candidatas a diferentes dignidades que participaran en las elecciones de marzo 2019.<\/p>\n<p>Luego de las elecciones primarias se confirm\u00f3 las candidaturas del licenciado Arturo Calva a la alcald\u00eda del cant\u00f3n Lago Agrio y del cant\u00f3n Shushufindi el doctor Ernesto Serrano Bonilla, al igual que con los candidatos a las concejal\u00edas y Gobiernos Parroquiales .<\/p>\n<p>Adem\u00e1s de la votaci\u00f3n obtenida en las elecciones primarias, tambi\u00e9n se bas\u00f3 en las encuestas realizadas en el cant\u00f3n, para aceptar la candidatura a la alcald\u00eda del cant\u00f3n Lago Agrio, indic\u00f3 licenciado Arturo \u201cEl cholo Calva.<\/p>\n","protected":false},"excerpt":{"rendered":"<p>Dirigentes del Partido Social Cristiano en Sucumb\u00edos, confirman su participaci\u00f3n en los comicios electorales de marzo 2019, con Jenny Rodr\u00edguez\u00a0 a la prefectura y Arturo \u201cCholo\u201d Calva a la alcald\u00eda del cant\u00f3n Lago Agrio.<\/p>\n","protected":false},"author":1,"featured_media":1779,"comment_status":"open","ping_status":"closed","sticky":false,"template":"","format":"standard","meta":{"footnotes":""},"categories":[92,5],"tags":[],"class_list":["post-1778","post","type-post","status-publish","format-standard","has-post-thumbnail","hentry","category-elecciones-2019","category-sucumbios"],"_links":{"self":[{"href":"https:\/\/radiosucumbios.org.ec\/index.php?rest_route=\/wp\/v2\/posts\/1778","targetHints":{"allow":["GET"]}}],"collection":[{"href":"https:\/\/radiosucumbios.org.ec\/index.php?rest_route=\/wp\/v2\/posts"}],"about":[{"href":"https:\/\/radiosucumbios.org.ec\/index.php?rest_route=\/wp\/v2\/types\/post"}],"author":[{"embeddable":true,"href":"https:\/\/radiosucumbios.org.ec\/index.php?rest_route=\/wp\/v2\/users\/1"}],"replies":[{"embeddable":true,"href":"https:\/\/radiosucumbios.org.ec\/index.php?rest_route=%2Fwp%2Fv2%2Fcomments&post=1778"}],"version-history":[{"count":1,"href":"https:\/\/radiosucumbios.org.ec\/index.php?rest_route=\/wp\/v2\/posts\/1778\/revisions"}],"predecessor-version":[{"id":1780,"href":"https:\/\/radiosucumbios.org.ec\/index.php?rest_route=\/wp\/v2\/posts\/1778\/revisions\/1780"}],"wp:featuredmedia":[{"embeddable":true,"href":"https:\/\/radiosucumbios.org.ec\/index.php?rest_route=\/wp\/v2\/media\/1779"}],"wp:attachment":[{"href":"https:\/\/radiosucumbios.org.ec\/index.php?rest_route=%2Fwp%2Fv2%2Fmedia&parent=1778"}],"wp:term":[{"taxonomy":"category","embeddable":true,"href":"https:\/\/radiosucumbios.org.ec\/index.php?rest_route=%2Fwp%2Fv2%2Fcategories&post=1778"},{"taxonomy":"post_tag","embeddable":true,"href":"https:\/\/radiosucumbios.org.ec\/index.php?rest_route=%2Fwp%2Fv2%2Ftags&post=1778"}],"curies":[{"name":"wp","href":"https:\/\/api.w.org\/{rel}","templated":true}]}}