{"id":1796,"date":"2019-01-02T22:55:09","date_gmt":"2019-01-02T22:55:09","guid":{"rendered":"https:\/\/radiosucumbios.org.ec\/?p=1796"},"modified":"2019-01-02T22:55:09","modified_gmt":"2019-01-02T22:55:09","slug":"radio-musical-la-provincia-orellana-sufrio-atentado","status":"publish","type":"post","link":"https:\/\/radiosucumbios.org.ec\/?p=1796","title":{"rendered":"Radio Musical de la provincia de Orellana sufri\u00f3 un atentado"},"content":{"rendered":"<p>Radio Musical que transmit\u00eda en la provincia de Orellana sufri\u00f3 un atentado en sus equipos de transmisi\u00f3n.<\/p>\n<p><!--more--><\/p>\n<p>Nels\u00f3n Mu\u00f1oz director de la emisora informa que ya se hizo la denuncia ante la justicia de la provincia con este atentado dejan fuera del aire a la emisora que transmit\u00eda en Frecuencia Modulada 96.7<\/p>\n<p>Los hechos ocurrieron la noche del 31 de diciembre del 2018 en donde delincuentes forzaron la cerradura de su planta de transmisi\u00f3n ubicada en la parroquia El Dorado del cant\u00f3n Orellana, destruyeron instalaciones, cortaron cables, desconectaron equipos, se llevaron artefactos.<\/p>\n<p>As\u00ed mismo espera que esto no sea un atentado con fines pol\u00edticos a inicios de una campa\u00f1a electoral.<\/p>\n","protected":false},"excerpt":{"rendered":"<p>Radio Musical que transmit\u00eda en la provincia de Orellana sufri\u00f3 un atentado en sus equipos de transmisi\u00f3n.<\/p>\n","protected":false},"author":1,"featured_media":1797,"comment_status":"open","ping_status":"closed","sticky":false,"template":"","format":"standard","meta":{"footnotes":""},"categories":[3,6],"tags":[],"class_list":["post-1796","post","type-post","status-publish","format-standard","has-post-thumbnail","hentry","category-noticias","category-orellana"],"_links":{"self":[{"href":"https:\/\/radiosucumbios.org.ec\/index.php?rest_route=\/wp\/v2\/posts\/1796","targetHints":{"allow":["GET"]}}],"collection":[{"href":"https:\/\/radiosucumbios.org.ec\/index.php?rest_route=\/wp\/v2\/posts"}],"about":[{"href":"https:\/\/radiosucumbios.org.ec\/index.php?rest_route=\/wp\/v2\/types\/post"}],"author":[{"embeddable":true,"href":"https:\/\/radiosucumbios.org.ec\/index.php?rest_route=\/wp\/v2\/users\/1"}],"replies":[{"embeddable":true,"href":"https:\/\/radiosucumbios.org.ec\/index.php?rest_route=%2Fwp%2Fv2%2Fcomments&post=1796"}],"version-history":[{"count":1,"href":"https:\/\/radiosucumbios.org.ec\/index.php?rest_route=\/wp\/v2\/posts\/1796\/revisions"}],"predecessor-version":[{"id":1798,"href":"https:\/\/radiosucumbios.org.ec\/index.php?rest_route=\/wp\/v2\/posts\/1796\/revisions\/1798"}],"wp:featuredmedia":[{"embeddable":true,"href":"https:\/\/radiosucumbios.org.ec\/index.php?rest_route=\/wp\/v2\/media\/1797"}],"wp:attachment":[{"href":"https:\/\/radiosucumbios.org.ec\/index.php?rest_route=%2Fwp%2Fv2%2Fmedia&parent=1796"}],"wp:term":[{"taxonomy":"category","embeddable":true,"href":"https:\/\/radiosucumbios.org.ec\/index.php?rest_route=%2Fwp%2Fv2%2Fcategories&post=1796"},{"taxonomy":"post_tag","embeddable":true,"href":"https:\/\/radiosucumbios.org.ec\/index.php?rest_route=%2Fwp%2Fv2%2Ftags&post=1796"}],"curies":[{"name":"wp","href":"https:\/\/api.w.org\/{rel}","templated":true}]}}