{"id":1863,"date":"2019-01-13T00:45:17","date_gmt":"2019-01-13T00:45:17","guid":{"rendered":"https:\/\/radiosucumbios.org.ec\/?p=1863"},"modified":"2019-01-13T00:45:49","modified_gmt":"2019-01-13T00:45:49","slug":"via-lago-agrio-quito-km-47-sector-las-tinas-cerrada-nuevamente","status":"publish","type":"post","link":"https:\/\/radiosucumbios.org.ec\/?p=1863","title":{"rendered":"V\u00eda Lago Agrio &#8211; Quito en el km 47 sector Las Tinas cerrada nuevamente"},"content":{"rendered":"<p>Las fuertes lluvias que contin\u00faan en la Amazonia ecuatoriana produjeron un socavamiento del material p\u00e9treo colocado ayer en el km 47 de la v\u00eda Lago Agrio &#8211; Quito en el sector de Las Tinas en el l\u00edmite de los cantones Casc\u00e1les y Gonzalo Pizarro en la provincia de Sucumb\u00edos.<!--more--><\/p>\n<p>El viernes 11 de enero se profujo un colapso la alcantarilla vial de esta zona dejando a varios veh\u00edculos atrapados para solucionar temporalmente se coloc\u00f3 material p\u00e9treo mismo que este 12 de enero aproximadamente a las 2 de la tarde las fuertes lluvias volvieron a interrumpir el paso vah\u00edcular en el km 47 sector Las Tinas de la v\u00eda Lago Agrio &#8211; Quito.<\/p>\n<div class=\"text_exposed_show\">\n<p>La ruta alterna para viajar fuera de la provincia es Lago Agrio &#8211; Coca &#8211; Baeza o Tena.<\/p>\n<p>Ministerio de Transporte y Obras Publicas inform\u00f3 que la reparaci\u00f3n de esta parte de la via tomar\u00e1 varios d\u00edas<br \/>\n<iframe loading=\"lazy\" src=\"https:\/\/www.facebook.com\/plugins\/video.php?href=https%3A%2F%2Fwww.facebook.com%2Fradiosucumbios%2Fvideos%2F996243553916472%2F&#038;show_text=0&#038;width=560\" width=\"560\" height=\"308\" style=\"border:none;overflow:hidden\" scrolling=\"no\" frameborder=\"0\" allowTransparency=\"true\" allowFullScreen=\"true\"><\/iframe><br \/>\n.<\/p>\n<\/div>\n","protected":false},"excerpt":{"rendered":"<p>Las fuertes lluvias que contin\u00faan en la Amazonia ecuatoriana produjeron un socavamiento del material p\u00e9treo colocado ayer en el km 47 de la v\u00eda Lago Agrio &#8211; Quito en el sector de Las Tinas en el l\u00edmite de los cantones Casc\u00e1les y Gonzalo Pizarro en la provincia de Sucumb\u00edos.<\/p>\n","protected":false},"author":1,"featured_media":1864,"comment_status":"open","ping_status":"closed","sticky":false,"template":"","format":"standard","meta":{"footnotes":""},"categories":[3,5],"tags":[],"class_list":["post-1863","post","type-post","status-publish","format-standard","has-post-thumbnail","hentry","category-noticias","category-sucumbios"],"_links":{"self":[{"href":"https:\/\/radiosucumbios.org.ec\/index.php?rest_route=\/wp\/v2\/posts\/1863","targetHints":{"allow":["GET"]}}],"collection":[{"href":"https:\/\/radiosucumbios.org.ec\/index.php?rest_route=\/wp\/v2\/posts"}],"about":[{"href":"https:\/\/radiosucumbios.org.ec\/index.php?rest_route=\/wp\/v2\/types\/post"}],"author":[{"embeddable":true,"href":"https:\/\/radiosucumbios.org.ec\/index.php?rest_route=\/wp\/v2\/users\/1"}],"replies":[{"embeddable":true,"href":"https:\/\/radiosucumbios.org.ec\/index.php?rest_route=%2Fwp%2Fv2%2Fcomments&post=1863"}],"version-history":[{"count":2,"href":"https:\/\/radiosucumbios.org.ec\/index.php?rest_route=\/wp\/v2\/posts\/1863\/revisions"}],"predecessor-version":[{"id":1866,"href":"https:\/\/radiosucumbios.org.ec\/index.php?rest_route=\/wp\/v2\/posts\/1863\/revisions\/1866"}],"wp:featuredmedia":[{"embeddable":true,"href":"https:\/\/radiosucumbios.org.ec\/index.php?rest_route=\/wp\/v2\/media\/1864"}],"wp:attachment":[{"href":"https:\/\/radiosucumbios.org.ec\/index.php?rest_route=%2Fwp%2Fv2%2Fmedia&parent=1863"}],"wp:term":[{"taxonomy":"category","embeddable":true,"href":"https:\/\/radiosucumbios.org.ec\/index.php?rest_route=%2Fwp%2Fv2%2Fcategories&post=1863"},{"taxonomy":"post_tag","embeddable":true,"href":"https:\/\/radiosucumbios.org.ec\/index.php?rest_route=%2Fwp%2Fv2%2Ftags&post=1863"}],"curies":[{"name":"wp","href":"https:\/\/api.w.org\/{rel}","templated":true}]}}