{"id":1880,"date":"2019-01-21T16:56:54","date_gmt":"2019-01-21T16:56:54","guid":{"rendered":"https:\/\/radiosucumbios.org.ec\/?p=1880"},"modified":"2019-01-21T16:59:06","modified_gmt":"2019-01-21T16:59:06","slug":"piden-la-liberacion-6-personas-fueron-detenidas-la-policia-recinto-san-jose","status":"publish","type":"post","link":"https:\/\/radiosucumbios.org.ec\/?p=1880","title":{"rendered":"Piden la liberaci\u00f3n de 6 personas que fueron detenidas por la polic\u00eda en el recinto San Jos\u00e9"},"content":{"rendered":"<p style=\"text-align: justify; background: white; margin: 3.9pt 0cm 3.9pt 0cm;\"><span lang=\"ES-EC\" style=\"font-size: 10.0pt; font-family: 'Tahoma','sans-serif'; color: #1d2129;\">Esta ma\u00f1ana del 21 de enero habitantes del recinto San Jos\u00e9 de la parroquia San Pedro de los Cofanes, cant\u00f3n Shushufindi se apostaron en la afuera de la Unidad de la Fiscal\u00eda en la ciudad de Shushufindi para exigir la liberaci\u00f3n de seis personas detenidas la noche del domingo 20 de enero.<\/span><!--more--><\/p>\n<p style=\"text-align: justify; background: white; margin: 3.9pt 0cm 3.9pt 0cm;\"><span lang=\"ES-EC\" style=\"font-size: 10.0pt; font-family: 'Tahoma','sans-serif'; color: #1d2129;\">\u00a0<\/span><\/p>\n<p style=\"text-align: justify; background: white; margin: 3.9pt 0cm 3.9pt 0cm;\"><span lang=\"ES-EC\" style=\"font-size: 10.0pt; font-family: 'Tahoma','sans-serif'; color: #1d2129;\">Desde hace tres d\u00edas habitantes del recinto San Jos\u00e9, vienen realizando una medida de hecho en contra de la compa\u00f1\u00eda Ori\u00f3n en reclamo al incumplimiento de acuerdos en donde se exige obras de compensaci\u00f3n social, contrataci\u00f3n de la mano de obra y otros servicios.<\/span><\/p>\n<p style=\"text-align: justify; background: white; margin: 3.9pt 0cm 3.9pt 0cm;\"><span lang=\"ES-EC\" style=\"font-size: 10.0pt; font-family: 'Tahoma','sans-serif'; color: #1d2129;\">\u00a0<\/span><\/p>\n<p style=\"text-align: justify; background: white; margin: 3.9pt 0cm 3.9pt 0cm;\"><span lang=\"ES-EC\" style=\"font-size: 10.0pt; font-family: 'Tahoma','sans-serif'; color: #1d2129;\">A pesar del di\u00e1logo con las autoridades no lograron nada, al contrario <span class=\"textexposedshow\">las autoridades de control mandaron resguardo policial a la empresa Ori\u00f3n y a desalojar a los manifestantes.<\/span><\/span><\/p>\n<p style=\"text-align: justify; background: white; margin: 0cm 0cm 3.9pt 0cm;\"><span lang=\"ES-EC\" style=\"font-size: 10.0pt; font-family: 'Tahoma','sans-serif'; color: #1d2129;\">La noche del domingo 20 de enero, actu\u00f3 la polic\u00eda y detuvo a 6 personas 4 hombres y 2 mujeres.<\/span><\/p>\n<p style=\"text-align: justify; background: white; margin: 0cm 0cm 3.9pt 0cm;\"><span lang=\"ES-EC\" style=\"font-size: 10.0pt; font-family: 'Tahoma','sans-serif'; color: #1d2129;\">\u00a0<\/span><\/p>\n<p><iframe loading=\"lazy\" src=\"https:\/\/www.facebook.com\/plugins\/video.php?href=https%3A%2F%2Fwww.facebook.com%2Fradiosucumbios%2Fvideos%2F770844676608302%2F&#038;show_text=1&#038;width=560\" width=\"560\" height=\"532\" style=\"border:none;overflow:hidden\" scrolling=\"no\" frameborder=\"0\" allowTransparency=\"true\" allow=\"encrypted-media\" allowFullScreen=\"true\"><\/iframe><\/p>\n<p style=\"text-align: justify; background: white; margin: 0cm 0cm 3.9pt 0cm;\"><span lang=\"ES-EC\" style=\"font-size: 10.0pt; font-family: 'Tahoma','sans-serif'; color: #1d2129;\">Los detenidos son: H\u00e9ctor Yanez Angulo de 46 a\u00f1os, Bryan Y\u00e1\u00f1ez Portilla de 19 a\u00f1os, Darwin Carranza Paredes de 28 a\u00f1os, Edison Flores Quintana de 35 a\u00f1os de edad, Mar\u00eda Portilla Cadena de 45 a\u00f1os y Leydi Portilla Cadenas de 25 a\u00f1os.<\/span><\/p>\n<p><iframe loading=\"lazy\" src=\"https:\/\/www.facebook.com\/plugins\/video.php?href=https%3A%2F%2Fwww.facebook.com%2Fradiosucumbios%2Fvideos%2F779793205732104%2F&#038;show_text=1&#038;width=560\" width=\"560\" height=\"507\" style=\"border:none;overflow:hidden\" scrolling=\"no\" frameborder=\"0\" allowTransparency=\"true\" allow=\"encrypted-media\" allowFullScreen=\"true\"><\/iframe><br \/>\n&nbsp;<\/p>\n","protected":false},"excerpt":{"rendered":"<p>Esta ma\u00f1ana del 21 de enero habitantes del recinto San Jos\u00e9 de la parroquia San Pedro de los Cofanes, cant\u00f3n Shushufindi se apostaron en la afuera de la Unidad de la Fiscal\u00eda en la ciudad de Shushufindi para exigir la liberaci\u00f3n de seis personas detenidas la noche del domingo 20 de enero.<\/p>\n","protected":false},"author":1,"featured_media":1881,"comment_status":"open","ping_status":"closed","sticky":false,"template":"","format":"standard","meta":{"footnotes":""},"categories":[58,3,5],"tags":[],"class_list":["post-1880","post","type-post","status-publish","format-standard","has-post-thumbnail","hentry","category-comunidad","category-noticias","category-sucumbios"],"_links":{"self":[{"href":"https:\/\/radiosucumbios.org.ec\/index.php?rest_route=\/wp\/v2\/posts\/1880","targetHints":{"allow":["GET"]}}],"collection":[{"href":"https:\/\/radiosucumbios.org.ec\/index.php?rest_route=\/wp\/v2\/posts"}],"about":[{"href":"https:\/\/radiosucumbios.org.ec\/index.php?rest_route=\/wp\/v2\/types\/post"}],"author":[{"embeddable":true,"href":"https:\/\/radiosucumbios.org.ec\/index.php?rest_route=\/wp\/v2\/users\/1"}],"replies":[{"embeddable":true,"href":"https:\/\/radiosucumbios.org.ec\/index.php?rest_route=%2Fwp%2Fv2%2Fcomments&post=1880"}],"version-history":[{"count":3,"href":"https:\/\/radiosucumbios.org.ec\/index.php?rest_route=\/wp\/v2\/posts\/1880\/revisions"}],"predecessor-version":[{"id":1884,"href":"https:\/\/radiosucumbios.org.ec\/index.php?rest_route=\/wp\/v2\/posts\/1880\/revisions\/1884"}],"wp:featuredmedia":[{"embeddable":true,"href":"https:\/\/radiosucumbios.org.ec\/index.php?rest_route=\/wp\/v2\/media\/1881"}],"wp:attachment":[{"href":"https:\/\/radiosucumbios.org.ec\/index.php?rest_route=%2Fwp%2Fv2%2Fmedia&parent=1880"}],"wp:term":[{"taxonomy":"category","embeddable":true,"href":"https:\/\/radiosucumbios.org.ec\/index.php?rest_route=%2Fwp%2Fv2%2Fcategories&post=1880"},{"taxonomy":"post_tag","embeddable":true,"href":"https:\/\/radiosucumbios.org.ec\/index.php?rest_route=%2Fwp%2Fv2%2Ftags&post=1880"}],"curies":[{"name":"wp","href":"https:\/\/api.w.org\/{rel}","templated":true}]}}