{"id":1886,"date":"2019-01-23T11:45:01","date_gmt":"2019-01-23T11:45:01","guid":{"rendered":"https:\/\/radiosucumbios.org.ec\/?p=1886"},"modified":"2019-01-23T12:48:01","modified_gmt":"2019-01-23T12:48:01","slug":"puerto-asis-capturaron-hombre-buscado-circular-roja-crimen-funcionarios-antinarcoticos-ecuatorianos","status":"publish","type":"post","link":"https:\/\/radiosucumbios.org.ec\/?p=1886","title":{"rendered":"En Puerto As\u00eds capturaron a hombre buscado con circular roja por el crimen de funcionarios antinarc\u00f3ticos ecuatorianos"},"content":{"rendered":"<p>La\u00a0<strong>Polic\u00eda<\/strong>\u00a0logr\u00f3 la captura en\u00a0<strong>Puerto As\u00eds, Putumayo<\/strong>, de un\u00a0<strong>hombre<\/strong>\u00a0con fines de\u00a0<strong>extradici\u00f3n. <\/strong>Sobre el sujeto pesaba una\u00a0<strong>circular roja de Interpol,<\/strong>\u00a0solicitada por\u00a0<strong>Ecuador.<\/strong><!--more--><\/p>\n<p>La captura se dio gracias al trabajo de inteligencia por parte de la Sij\u00edn y la Sipol de Putumayo, y la Polic\u00eda Judicial de Ecuador, que establecieron que el hombre habr\u00eda participado en el homicidio de funcionarios policiales de Antinarc\u00f3ticos del vecino pa\u00eds, en hechos ocurridos el 12 de enero de este a\u00f1o en el sector conocido como Puerto Mestanza, de la provincia de Sucumb\u00edos.<\/p>\n<p>El hombre ser\u00e1 entregaron a las autoridades de Ecuador, donde deber\u00e1 responder por el delito de homicidio.<\/p>\n<p><iframe loading=\"lazy\" src=\"https:\/\/www.facebook.com\/plugins\/video.php?href=https%3A%2F%2Fwww.facebook.com%2Fvictor.gomez.77770%2Fvideos%2F2359147310803777%2F&#038;show_text=0&#038;width=560\" width=\"560\" height=\"308\" style=\"border:none;overflow:hidden\" scrolling=\"no\" frameborder=\"0\" allowTransparency=\"true\" allowFullScreen=\"true\"><\/iframe><\/p>\n<p><span style=\"font-size: 8pt;\"><strong>FUENTE: <a href=\"https:\/\/www.minuto30.com\/en-puerto-asis-capturaron-a-hombre-buscado-con-circular-roja-por-el-crimen-de-funcionarios-antinarcoticos-ecuatorianos\/766311\/\">https:\/\/www.minuto30.com\/en-puerto-asis-capturaron-a-hombre-buscado-con-circular-roja-por-el-crimen-de-funcionarios-antinarcoticos-ecuatorianos\/766311\/<\/a><\/strong><\/span><\/p>\n<p><strong>\u00a0<\/strong><\/p>\n<p><strong>\u00a0<\/strong><\/p>\n","protected":false},"excerpt":{"rendered":"<p>La\u00a0Polic\u00eda\u00a0logr\u00f3 la captura en\u00a0Puerto As\u00eds, Putumayo, de un\u00a0hombre\u00a0con fines de\u00a0extradici\u00f3n. Sobre el sujeto pesaba una\u00a0circular roja de Interpol,\u00a0solicitada por\u00a0Ecuador.<\/p>\n","protected":false},"author":1,"featured_media":1887,"comment_status":"open","ping_status":"closed","sticky":false,"template":"","format":"standard","meta":{"footnotes":""},"categories":[3,5],"tags":[],"class_list":["post-1886","post","type-post","status-publish","format-standard","has-post-thumbnail","hentry","category-noticias","category-sucumbios"],"_links":{"self":[{"href":"https:\/\/radiosucumbios.org.ec\/index.php?rest_route=\/wp\/v2\/posts\/1886","targetHints":{"allow":["GET"]}}],"collection":[{"href":"https:\/\/radiosucumbios.org.ec\/index.php?rest_route=\/wp\/v2\/posts"}],"about":[{"href":"https:\/\/radiosucumbios.org.ec\/index.php?rest_route=\/wp\/v2\/types\/post"}],"author":[{"embeddable":true,"href":"https:\/\/radiosucumbios.org.ec\/index.php?rest_route=\/wp\/v2\/users\/1"}],"replies":[{"embeddable":true,"href":"https:\/\/radiosucumbios.org.ec\/index.php?rest_route=%2Fwp%2Fv2%2Fcomments&post=1886"}],"version-history":[{"count":3,"href":"https:\/\/radiosucumbios.org.ec\/index.php?rest_route=\/wp\/v2\/posts\/1886\/revisions"}],"predecessor-version":[{"id":1891,"href":"https:\/\/radiosucumbios.org.ec\/index.php?rest_route=\/wp\/v2\/posts\/1886\/revisions\/1891"}],"wp:featuredmedia":[{"embeddable":true,"href":"https:\/\/radiosucumbios.org.ec\/index.php?rest_route=\/wp\/v2\/media\/1887"}],"wp:attachment":[{"href":"https:\/\/radiosucumbios.org.ec\/index.php?rest_route=%2Fwp%2Fv2%2Fmedia&parent=1886"}],"wp:term":[{"taxonomy":"category","embeddable":true,"href":"https:\/\/radiosucumbios.org.ec\/index.php?rest_route=%2Fwp%2Fv2%2Fcategories&post=1886"},{"taxonomy":"post_tag","embeddable":true,"href":"https:\/\/radiosucumbios.org.ec\/index.php?rest_route=%2Fwp%2Fv2%2Ftags&post=1886"}],"curies":[{"name":"wp","href":"https:\/\/api.w.org\/{rel}","templated":true}]}}