{"id":1892,"date":"2019-01-23T13:26:48","date_gmt":"2019-01-23T13:26:48","guid":{"rendered":"https:\/\/radiosucumbios.org.ec\/?p=1892"},"modified":"2019-01-23T13:26:48","modified_gmt":"2019-01-23T13:26:48","slug":"version-del-prefecto-sucumbios-ante-la-fiscalia-duro-mas-dos-horas","status":"publish","type":"post","link":"https:\/\/radiosucumbios.org.ec\/?p=1892","title":{"rendered":"Versi\u00f3n del prefecto de Sucumb\u00edos ante la Fiscal\u00eda dur\u00f3 m\u00e1s de dos horas"},"content":{"rendered":"<p>Finalmente el martes 22 de enero del presente a\u00f1o, Guido Vargas prefecto de la provincia de Sucumb\u00edos compareci\u00f3 ante la fiscal\u00eda, para rendir su versi\u00f3n sobre el caso de incumplimiento a la sentencia emitida por el Tribunal Especial del Ministerio de Trabajo a favor de los 86 trabajadores del Gobierno Provincial despedidos hace m\u00e1s un a\u00f1o y medio.<!--more--><\/p>\n<p>Dentro de sus versiones, ha admitido del conocimiento y notificaci\u00f3n desde el Ministerio de Trabajo, donde se conoce de la sentencia emitida por el Tribunal de Conciliaci\u00f3n y Arbitraje a favor de los 86 trabajadores, adem\u00e1s ha reconocido del pago de una multa de 7.740 d\u00f3lares por incumplimiento a lo dispuesto por el Ministerio de lo laboral.<\/p>\n<p>Bajo la representaci\u00f3n de una entidad aut\u00f3noma como es el Gobierno Provincial de Sucumb\u00edos, tienen que defender ante las instancias correspondientes, indic\u00f3 el se\u00f1or Guido Vargas prefecto de la provincia de Sucumb\u00edos.<\/p>\n<p>El doctor Juan Gonzaga, defensor de los trabajadores despedidos del Gobierno Provincial de Sucumb\u00edos, explic\u00f3 que la Corte Constitucional es la instancia m\u00e1xima en materia constitucional, como tambi\u00e9n el estamento propio de la justicia ordinaria tiene poder jurisdiccional, pero esto no impide el cumplimiento de una sentencia.<\/p>\n<p>El cumplimiento a la sentencia emitida por este Tribunal de Arbitraje, y el pago de los haberes a los trabajadores despedidos, adem\u00e1s de su reintegro, puede ser observada por la Contralor\u00eda General de Estado, se\u00f1al\u00f3 el prefecto Guido Vargas.<\/p>\n<p>El proceso investigativo por este caso continuar\u00e1<\/p>\n<p>El mi\u00e9rcoles 23 de enero rendir\u00e1n su versi\u00f3n los delegados del Ministerio de laboral para sustentar de lo que han resuelto sobre este caso de los 86 trabajadores<\/p>\n","protected":false},"excerpt":{"rendered":"<p>Finalmente el martes 22 de enero del presente a\u00f1o, Guido Vargas prefecto de la provincia de Sucumb\u00edos compareci\u00f3 ante la fiscal\u00eda, para rendir su versi\u00f3n sobre el caso de incumplimiento a la sentencia emitida por el Tribunal Especial del Ministerio de Trabajo a favor de los 86 trabajadores del Gobierno Provincial despedidos hace m\u00e1s un [&hellip;]<\/p>\n","protected":false},"author":1,"featured_media":1893,"comment_status":"open","ping_status":"closed","sticky":false,"template":"","format":"standard","meta":{"footnotes":""},"categories":[3,5],"tags":[],"class_list":["post-1892","post","type-post","status-publish","format-standard","has-post-thumbnail","hentry","category-noticias","category-sucumbios"],"_links":{"self":[{"href":"https:\/\/radiosucumbios.org.ec\/index.php?rest_route=\/wp\/v2\/posts\/1892","targetHints":{"allow":["GET"]}}],"collection":[{"href":"https:\/\/radiosucumbios.org.ec\/index.php?rest_route=\/wp\/v2\/posts"}],"about":[{"href":"https:\/\/radiosucumbios.org.ec\/index.php?rest_route=\/wp\/v2\/types\/post"}],"author":[{"embeddable":true,"href":"https:\/\/radiosucumbios.org.ec\/index.php?rest_route=\/wp\/v2\/users\/1"}],"replies":[{"embeddable":true,"href":"https:\/\/radiosucumbios.org.ec\/index.php?rest_route=%2Fwp%2Fv2%2Fcomments&post=1892"}],"version-history":[{"count":1,"href":"https:\/\/radiosucumbios.org.ec\/index.php?rest_route=\/wp\/v2\/posts\/1892\/revisions"}],"predecessor-version":[{"id":1894,"href":"https:\/\/radiosucumbios.org.ec\/index.php?rest_route=\/wp\/v2\/posts\/1892\/revisions\/1894"}],"wp:featuredmedia":[{"embeddable":true,"href":"https:\/\/radiosucumbios.org.ec\/index.php?rest_route=\/wp\/v2\/media\/1893"}],"wp:attachment":[{"href":"https:\/\/radiosucumbios.org.ec\/index.php?rest_route=%2Fwp%2Fv2%2Fmedia&parent=1892"}],"wp:term":[{"taxonomy":"category","embeddable":true,"href":"https:\/\/radiosucumbios.org.ec\/index.php?rest_route=%2Fwp%2Fv2%2Fcategories&post=1892"},{"taxonomy":"post_tag","embeddable":true,"href":"https:\/\/radiosucumbios.org.ec\/index.php?rest_route=%2Fwp%2Fv2%2Ftags&post=1892"}],"curies":[{"name":"wp","href":"https:\/\/api.w.org\/{rel}","templated":true}]}}