{"id":1906,"date":"2019-01-31T13:27:36","date_gmt":"2019-01-31T13:27:36","guid":{"rendered":"https:\/\/radiosucumbios.org.ec\/?p=1906"},"modified":"2019-01-31T13:28:12","modified_gmt":"2019-01-31T13:28:12","slug":"vehiculos-servicio-publico-transportaban-material-promocional-electoral-del-psp-lista-3","status":"publish","type":"post","link":"https:\/\/radiosucumbios.org.ec\/?p=1906","title":{"rendered":"Veh\u00edculos de servicio p\u00fablico transportaban material promocional electoral del PSP lista 3"},"content":{"rendered":"<p>Junta Provincial Electoral de Sucumb\u00edos y Contralor\u00eda General del Estado controlan el buen uso de bienes p\u00fablicos en procesos electorales.\u00a0<!--more--><\/p>\n<p>El Teniente de polic\u00eda Romel Rodr\u00edguez, oficial del Centro Integrado de Baeza, a las 10:30 del 30 de enero de 2019 se encontraba realizando el registro y control de ingreso de los veh\u00edculos que transitan por este control, localizando los veh\u00edculos de placa KMA- 1145 y KMA-1146 pertenecientes al Gobierno Aut\u00f3nomo Descentralizado de la provincia de Sucumb\u00edos, procediendo a la retenci\u00f3n de los veh\u00edculos por cuanto portaban la orden de movilizaci\u00f3n 17 caducada con vigencia desde las 06:00 del 28-01-2019 hasta las 23:58 del 29-01-2019 perteneciente al veh\u00edculo KMA &#8211; 1146 y trasladando 21 rollos de tela para publicidad de color rojo y verde con el n\u00famero 3.<\/p>\n<p>Posteriormente a la retenci\u00f3n de los veh\u00edculos los choferes presentaron las \u00f3rdenes de movilizaci\u00f3n 44150 y 44153 emitidas el 30-01-2019 a las 10:52 y 11:46 respectivamente.<br \/>\nLola Piyahuaje, vicepresidenta y Ver\u00f3nica R\u00edos, vocal de la Junta Provincial Electoral de #Sucumb\u00edos, verificaron que los veh\u00edculos pertenecen al GAD Sucumb\u00edos.<\/p>\n<p>Ayer la JPE Sucumb\u00edos, mantuvo una reuni\u00f3n con representantes de la Contralor\u00eda General del Estado en la provincia, con el objetivo de controlar el buen uso de bienes p\u00fablicos durante la pre y campa\u00f1a electoral.<\/p>\n<p><strong>\u00a0<\/strong>Fuente: CNE<\/p>\n","protected":false},"excerpt":{"rendered":"<p>Junta Provincial Electoral de Sucumb\u00edos y Contralor\u00eda General del Estado controlan el buen uso de bienes p\u00fablicos en procesos electorales.\u00a0<\/p>\n","protected":false},"author":1,"featured_media":1907,"comment_status":"open","ping_status":"closed","sticky":false,"template":"","format":"standard","meta":{"footnotes":""},"categories":[92],"tags":[],"class_list":["post-1906","post","type-post","status-publish","format-standard","has-post-thumbnail","hentry","category-elecciones-2019"],"_links":{"self":[{"href":"https:\/\/radiosucumbios.org.ec\/index.php?rest_route=\/wp\/v2\/posts\/1906","targetHints":{"allow":["GET"]}}],"collection":[{"href":"https:\/\/radiosucumbios.org.ec\/index.php?rest_route=\/wp\/v2\/posts"}],"about":[{"href":"https:\/\/radiosucumbios.org.ec\/index.php?rest_route=\/wp\/v2\/types\/post"}],"author":[{"embeddable":true,"href":"https:\/\/radiosucumbios.org.ec\/index.php?rest_route=\/wp\/v2\/users\/1"}],"replies":[{"embeddable":true,"href":"https:\/\/radiosucumbios.org.ec\/index.php?rest_route=%2Fwp%2Fv2%2Fcomments&post=1906"}],"version-history":[{"count":2,"href":"https:\/\/radiosucumbios.org.ec\/index.php?rest_route=\/wp\/v2\/posts\/1906\/revisions"}],"predecessor-version":[{"id":1909,"href":"https:\/\/radiosucumbios.org.ec\/index.php?rest_route=\/wp\/v2\/posts\/1906\/revisions\/1909"}],"wp:featuredmedia":[{"embeddable":true,"href":"https:\/\/radiosucumbios.org.ec\/index.php?rest_route=\/wp\/v2\/media\/1907"}],"wp:attachment":[{"href":"https:\/\/radiosucumbios.org.ec\/index.php?rest_route=%2Fwp%2Fv2%2Fmedia&parent=1906"}],"wp:term":[{"taxonomy":"category","embeddable":true,"href":"https:\/\/radiosucumbios.org.ec\/index.php?rest_route=%2Fwp%2Fv2%2Fcategories&post=1906"},{"taxonomy":"post_tag","embeddable":true,"href":"https:\/\/radiosucumbios.org.ec\/index.php?rest_route=%2Fwp%2Fv2%2Ftags&post=1906"}],"curies":[{"name":"wp","href":"https:\/\/api.w.org\/{rel}","templated":true}]}}