{"id":1916,"date":"2019-04-30T13:08:50","date_gmt":"2019-04-30T13:08:50","guid":{"rendered":"https:\/\/radiosucumbios.org.ec\/?p=1916"},"modified":"2019-04-30T13:11:29","modified_gmt":"2019-04-30T13:11:29","slug":"dirigentes-del-transporte-participaron-la-socializacion-reformas-la-ley-transito","status":"publish","type":"post","link":"https:\/\/radiosucumbios.org.ec\/?p=1916","title":{"rendered":"Dirigentes del transporte participaron de la socializaci\u00f3n de reformas a la ley de tr\u00e1nsito"},"content":{"rendered":"<p>Varios dirigentes del transporte en diferentes modalidades de la provincia de Sucumb\u00edos, participaron de la socializaci\u00f3n del proyecto de reformas a la Ley de Tr\u00e1nsito, Transporte Terrestre y Seguridad Vial que ya est\u00e1 manos de la Asamblea Nacional para su debate.<!--more--><\/p>\n<p>Ante la presencia de los tres asamble\u00edstas de Sucumb\u00edos y del vicepresidente de la Comisi\u00f3n Especializada de la, Asamblea, la reacci\u00f3n de dirigentes estuvo enmarcado en que no quiere una Ley sancionadora y sino una ley que permita la seguridad y trabajo para los transportistas y los usuarios, adem\u00e1s no m\u00e1s creaci\u00f3n de operadoras de transporte de ninguna modalidad.<\/p>\n<p>Arcadio Bustos, gerente de Uni\u00f3n de Cooperativas de Taxis de Sucumb\u00edos se\u00f1al\u00f3 que los transportistas del pa\u00eds han reaccionado sobre la intenci\u00f3n de crear una nueva operadora de transporte la misma que afectar\u00eda a las existentes.<\/p>\n<p>Kleiner Cabezas, secretario general de la Escuela de Conducci\u00f3n Profesional del cant\u00f3n C\u00e1scales pidi\u00f3 que se ampli\u00e9 la socializaci\u00f3n a las escuelas de conducci\u00f3n del pa\u00eds a trav\u00e9s de la Corporaci\u00f3n de Escuelas de Capacitaci\u00f3n.<\/p>\n<p>Freddy Blacio, vicepresidente de la Corporaci\u00f3n Nacional de Escuelas de Capacitaci\u00f3n, se refiri\u00f3 a los radares considerando como una herramienta sancionadora las mismas que son generadoras de fuertes multas a los transportistas.<\/p>\n","protected":false},"excerpt":{"rendered":"<p>Varios dirigentes del transporte en diferentes modalidades de la provincia de Sucumb\u00edos, participaron de la socializaci\u00f3n del proyecto de reformas a la Ley de Tr\u00e1nsito, Transporte Terrestre y Seguridad Vial que ya est\u00e1 manos de la Asamblea Nacional para su debate.<\/p>\n","protected":false},"author":1,"featured_media":1917,"comment_status":"open","ping_status":"closed","sticky":false,"template":"","format":"standard","meta":{"footnotes":""},"categories":[5],"tags":[],"class_list":["post-1916","post","type-post","status-publish","format-standard","has-post-thumbnail","hentry","category-sucumbios"],"_links":{"self":[{"href":"https:\/\/radiosucumbios.org.ec\/index.php?rest_route=\/wp\/v2\/posts\/1916","targetHints":{"allow":["GET"]}}],"collection":[{"href":"https:\/\/radiosucumbios.org.ec\/index.php?rest_route=\/wp\/v2\/posts"}],"about":[{"href":"https:\/\/radiosucumbios.org.ec\/index.php?rest_route=\/wp\/v2\/types\/post"}],"author":[{"embeddable":true,"href":"https:\/\/radiosucumbios.org.ec\/index.php?rest_route=\/wp\/v2\/users\/1"}],"replies":[{"embeddable":true,"href":"https:\/\/radiosucumbios.org.ec\/index.php?rest_route=%2Fwp%2Fv2%2Fcomments&post=1916"}],"version-history":[{"count":1,"href":"https:\/\/radiosucumbios.org.ec\/index.php?rest_route=\/wp\/v2\/posts\/1916\/revisions"}],"predecessor-version":[{"id":1918,"href":"https:\/\/radiosucumbios.org.ec\/index.php?rest_route=\/wp\/v2\/posts\/1916\/revisions\/1918"}],"wp:featuredmedia":[{"embeddable":true,"href":"https:\/\/radiosucumbios.org.ec\/index.php?rest_route=\/wp\/v2\/media\/1917"}],"wp:attachment":[{"href":"https:\/\/radiosucumbios.org.ec\/index.php?rest_route=%2Fwp%2Fv2%2Fmedia&parent=1916"}],"wp:term":[{"taxonomy":"category","embeddable":true,"href":"https:\/\/radiosucumbios.org.ec\/index.php?rest_route=%2Fwp%2Fv2%2Fcategories&post=1916"},{"taxonomy":"post_tag","embeddable":true,"href":"https:\/\/radiosucumbios.org.ec\/index.php?rest_route=%2Fwp%2Fv2%2Ftags&post=1916"}],"curies":[{"name":"wp","href":"https:\/\/api.w.org\/{rel}","templated":true}]}}