{"id":1919,"date":"2019-04-30T13:20:15","date_gmt":"2019-04-30T13:20:15","guid":{"rendered":"https:\/\/radiosucumbios.org.ec\/?p=1919"},"modified":"2019-04-30T13:20:15","modified_gmt":"2019-04-30T13:20:15","slug":"sucumbios-se-visibilizaron-los-problemas-la-salud","status":"publish","type":"post","link":"https:\/\/radiosucumbios.org.ec\/?p=1919","title":{"rendered":"En Sucumb\u00edos se visibilizaron los problemas en la salud"},"content":{"rendered":"<p>La reuni\u00f3n esperada con las autoridades de la salud en la provincia de Sucumb\u00edos, no se hicieron esperar los reclamos a la Gobernadora y Coordinador Zonal de Salud, por querer desprestigiar la gesti\u00f3n de los comit\u00e9s para visibilizar los problemas existentes.<!--more--><\/p>\n<p>Eusebio, coordinador del Comit\u00e9 de Salud Distrital de Lago Agrio, observ\u00f3 la ausencia de la \u00a0gobernadora a otras reuniones para buscar soluciones a los problemas de salud.<\/p>\n<p>Carlos Jord\u00e1n, coordinador del Comit\u00e9 de Salud del Hospital Dr. Marco Vinicio Iza de Sucumb\u00edos, rechaz\u00f3 la actitud del coordinador zonal de salud, quien hace dos semanas lleg\u00f3 a al hospital, sin embargo no acept\u00f3 reunirse con la ciudadan\u00eda.<\/p>\n<p>Mercedes Cepeda, presidenta de la Fundaci\u00f3n Labios Rojos de Sucumb\u00edos, cuestion\u00f3 la actitud y aptitud de algunos funcionarios y profesionales de la salud, y pidi\u00f3 se les capacite en mediaci\u00f3n de conflictos en temas de la salud.<\/p>\n<p>Narcisa Velasco, parte del comit\u00e9 de salud del Centro\u00a0Abd\u00f3n Calder\u00f3n, cuestion\u00f3 a la Gobernadora de Sucumb\u00edos por tratar de desprestigiar el trabajo de los Comit\u00e9s de Salud.<\/p>\n<p>Se esperan una nueva reuni\u00f3n que ser\u00e1 el pr\u00f3ximo 27 de mayo para evaluar los avances en busca de soluciones de la salud.<\/p>\n","protected":false},"excerpt":{"rendered":"<p>La reuni\u00f3n esperada con las autoridades de la salud en la provincia de Sucumb\u00edos, no se hicieron esperar los reclamos a la Gobernadora y Coordinador Zonal de Salud, por querer desprestigiar la gesti\u00f3n de los comit\u00e9s para visibilizar los problemas existentes.<\/p>\n","protected":false},"author":1,"featured_media":1920,"comment_status":"open","ping_status":"closed","sticky":false,"template":"","format":"standard","meta":{"footnotes":""},"categories":[58,5],"tags":[],"class_list":["post-1919","post","type-post","status-publish","format-standard","has-post-thumbnail","hentry","category-comunidad","category-sucumbios"],"_links":{"self":[{"href":"https:\/\/radiosucumbios.org.ec\/index.php?rest_route=\/wp\/v2\/posts\/1919","targetHints":{"allow":["GET"]}}],"collection":[{"href":"https:\/\/radiosucumbios.org.ec\/index.php?rest_route=\/wp\/v2\/posts"}],"about":[{"href":"https:\/\/radiosucumbios.org.ec\/index.php?rest_route=\/wp\/v2\/types\/post"}],"author":[{"embeddable":true,"href":"https:\/\/radiosucumbios.org.ec\/index.php?rest_route=\/wp\/v2\/users\/1"}],"replies":[{"embeddable":true,"href":"https:\/\/radiosucumbios.org.ec\/index.php?rest_route=%2Fwp%2Fv2%2Fcomments&post=1919"}],"version-history":[{"count":1,"href":"https:\/\/radiosucumbios.org.ec\/index.php?rest_route=\/wp\/v2\/posts\/1919\/revisions"}],"predecessor-version":[{"id":1921,"href":"https:\/\/radiosucumbios.org.ec\/index.php?rest_route=\/wp\/v2\/posts\/1919\/revisions\/1921"}],"wp:featuredmedia":[{"embeddable":true,"href":"https:\/\/radiosucumbios.org.ec\/index.php?rest_route=\/wp\/v2\/media\/1920"}],"wp:attachment":[{"href":"https:\/\/radiosucumbios.org.ec\/index.php?rest_route=%2Fwp%2Fv2%2Fmedia&parent=1919"}],"wp:term":[{"taxonomy":"category","embeddable":true,"href":"https:\/\/radiosucumbios.org.ec\/index.php?rest_route=%2Fwp%2Fv2%2Fcategories&post=1919"},{"taxonomy":"post_tag","embeddable":true,"href":"https:\/\/radiosucumbios.org.ec\/index.php?rest_route=%2Fwp%2Fv2%2Ftags&post=1919"}],"curies":[{"name":"wp","href":"https:\/\/api.w.org\/{rel}","templated":true}]}}