{"id":1971,"date":"2019-06-06T12:09:42","date_gmt":"2019-06-06T12:09:42","guid":{"rendered":"https:\/\/radiosucumbios.org.ec\/?p=1971"},"modified":"2019-06-06T12:09:42","modified_gmt":"2019-06-06T12:09:42","slug":"presidentes-gobiernos-parroquiales-eligieron-los-cinco-concejeros-provinciales","status":"publish","type":"post","link":"https:\/\/radiosucumbios.org.ec\/?p=1971","title":{"rendered":"Presidentes de gobiernos parroquiales eligieron a los cinco concejeros provinciales"},"content":{"rendered":"<p>Los presidentes\/as de los Gobiernos Parroquiales Rurales de Sucumb\u00edos, eligieron a los cinco concejeros que integrar\u00e1n la C\u00e1mara del Consejo Provincial de Sucumb\u00edos<!--more--><\/p>\n<p>Los 28 presidentes\/as mostraron unidad al presentar una sola lista de consenso, la elecci\u00f3n se desarroll\u00f3 en un ambiente de cordialidad<\/p>\n<p>Los cinco concejeros provinciales por las juntas parroquiales son<\/p>\n<p>Freddy Rayo de la parroquia Rosa Florida cant\u00f3n Sucumb\u00edos, Flor Jumbo de la parroquia Pacayacu cant\u00f3n Lago Agrio, Jos\u00e9 Caiza de la parroquia Gonzalo Pizarro cant\u00f3n del mismo nombre, Franklin Matamoros de la parroquia Sevilla cant\u00f3n Cascales y Jaime Bustamante de San Pedro de los Cofanes cant\u00f3n Shuhsufindi.<\/p>\n<p>Los cinco concejeros de los Gobiernos Parroquiales, se suman a los seis alcaldes, alcaldesa, prefecto y vice prefecta, todos juntos integran el pleno del Consejo Provincial de Sucumb\u00edos.<\/p>\n","protected":false},"excerpt":{"rendered":"<p>Los presidentes\/as de los Gobiernos Parroquiales Rurales de Sucumb\u00edos, eligieron a los cinco concejeros que integrar\u00e1n la C\u00e1mara del Consejo Provincial de Sucumb\u00edos<\/p>\n","protected":false},"author":1,"featured_media":1972,"comment_status":"open","ping_status":"closed","sticky":false,"template":"","format":"standard","meta":{"footnotes":""},"categories":[3,5],"tags":[],"class_list":["post-1971","post","type-post","status-publish","format-standard","has-post-thumbnail","hentry","category-noticias","category-sucumbios"],"_links":{"self":[{"href":"https:\/\/radiosucumbios.org.ec\/index.php?rest_route=\/wp\/v2\/posts\/1971","targetHints":{"allow":["GET"]}}],"collection":[{"href":"https:\/\/radiosucumbios.org.ec\/index.php?rest_route=\/wp\/v2\/posts"}],"about":[{"href":"https:\/\/radiosucumbios.org.ec\/index.php?rest_route=\/wp\/v2\/types\/post"}],"author":[{"embeddable":true,"href":"https:\/\/radiosucumbios.org.ec\/index.php?rest_route=\/wp\/v2\/users\/1"}],"replies":[{"embeddable":true,"href":"https:\/\/radiosucumbios.org.ec\/index.php?rest_route=%2Fwp%2Fv2%2Fcomments&post=1971"}],"version-history":[{"count":1,"href":"https:\/\/radiosucumbios.org.ec\/index.php?rest_route=\/wp\/v2\/posts\/1971\/revisions"}],"predecessor-version":[{"id":1973,"href":"https:\/\/radiosucumbios.org.ec\/index.php?rest_route=\/wp\/v2\/posts\/1971\/revisions\/1973"}],"wp:featuredmedia":[{"embeddable":true,"href":"https:\/\/radiosucumbios.org.ec\/index.php?rest_route=\/wp\/v2\/media\/1972"}],"wp:attachment":[{"href":"https:\/\/radiosucumbios.org.ec\/index.php?rest_route=%2Fwp%2Fv2%2Fmedia&parent=1971"}],"wp:term":[{"taxonomy":"category","embeddable":true,"href":"https:\/\/radiosucumbios.org.ec\/index.php?rest_route=%2Fwp%2Fv2%2Fcategories&post=1971"},{"taxonomy":"post_tag","embeddable":true,"href":"https:\/\/radiosucumbios.org.ec\/index.php?rest_route=%2Fwp%2Fv2%2Ftags&post=1971"}],"curies":[{"name":"wp","href":"https:\/\/api.w.org\/{rel}","templated":true}]}}