{"id":1986,"date":"2019-06-17T11:49:09","date_gmt":"2019-06-17T11:49:09","guid":{"rendered":"https:\/\/radiosucumbios.org.ec\/?p=1986"},"modified":"2019-06-17T11:49:09","modified_gmt":"2019-06-17T11:49:09","slug":"habitantes-general-farfan-sacaron-ataud-ciudadano-asesinado-realizar-una-marcha","status":"publish","type":"post","link":"https:\/\/radiosucumbios.org.ec\/?p=1986","title":{"rendered":"Habitantes de General Farf\u00e1n sacaron el ata\u00fad de ciudadano asesinado para realizar una marcha"},"content":{"rendered":"<p>El s\u00e1bado 15 de junio del presente a\u00f1o, habitantes de la parroquia General Farf\u00e1n, cant\u00f3n Lago Agrio indignados realizar una marcha con el ata\u00fad de Pablo Becerra, para protestar por la acci\u00f3n militar que constantemente se da en la frontera con Colombia.<!--more--><\/p>\n<p>Pablo Becerra fue asesinado el jueves 13 de junio sobre el rio San Miguel por el ej\u00e9rcito ecuatoriano<\/p>\n<p>El hecho conmovi\u00f3 a los pobladores, ya que dicen no es la primera vez que abusan de la fuerza y enlutan a las familias, aunque versiones de la patrulla se\u00f1alan que eran contrabandistas y sucedi\u00f3 enfrentamientos; familiares del hoy occiso desmienten que solo eran jornaleros que se movilizaban en su canoa a trabajar.<\/p>\n<p>Edison Mendieta, uno de los hermanos de Pablo Berney Becerra Abad, considera que el ej\u00e9rcito ecuatoriano hiso mal uso de la fuerza, por esta raz\u00f3n, piden a las autoridades se haga justicia por la muerte de su hermano que deja un hijo en la orfandad.<\/p>\n<p>Beatriz Alvarado, habitante de General Farf\u00e1n, se mostr\u00f3 indignada ya que el dolor de las familias por hechos de violencia en la frontera es constante por el mal uso de las en control de los campesinos que buscan d\u00eda a d\u00eda el bienestar de sus familias.<\/p>\n<p>Rub\u00ed Portilla, representante de la Asociaci\u00f3n de Mujeres Fronteras del Regreso, cuestiono a las autoridades, de no haberse acercado a conocer el hecho que acabo con la vida de un ciudadano y los atropellos son constantes por las Fuerzas Armadas.<\/p>\n<p>Jos\u00e9 Cuenca, dirigente del transporte en la parroquia General Farf\u00e1n, indic\u00f3 que la poblaci\u00f3n ya se cans\u00f3 de los atropellos y en esta ocasi\u00f3n est\u00e1n organizados para reclamar de tanta violencia en la frontera y se respete sus derechos ante las autoridades.<\/p>\n<p>La poblaci\u00f3n de la Parroquia General Farf\u00e1n, saldr\u00e1n ante la fiscal\u00eda para exigir que se esclarezcan los hechos ocurrido el pasado 13 de junio.<\/p>\n","protected":false},"excerpt":{"rendered":"<p>El s\u00e1bado 15 de junio del presente a\u00f1o, habitantes de la parroquia General Farf\u00e1n, cant\u00f3n Lago Agrio indignados realizar una marcha con el ata\u00fad de Pablo Becerra, para protestar por la acci\u00f3n militar que constantemente se da en la frontera con Colombia.<\/p>\n","protected":false},"author":1,"featured_media":1987,"comment_status":"open","ping_status":"closed","sticky":false,"template":"","format":"standard","meta":{"footnotes":""},"categories":[3,5],"tags":[],"class_list":["post-1986","post","type-post","status-publish","format-standard","has-post-thumbnail","hentry","category-noticias","category-sucumbios"],"_links":{"self":[{"href":"https:\/\/radiosucumbios.org.ec\/index.php?rest_route=\/wp\/v2\/posts\/1986","targetHints":{"allow":["GET"]}}],"collection":[{"href":"https:\/\/radiosucumbios.org.ec\/index.php?rest_route=\/wp\/v2\/posts"}],"about":[{"href":"https:\/\/radiosucumbios.org.ec\/index.php?rest_route=\/wp\/v2\/types\/post"}],"author":[{"embeddable":true,"href":"https:\/\/radiosucumbios.org.ec\/index.php?rest_route=\/wp\/v2\/users\/1"}],"replies":[{"embeddable":true,"href":"https:\/\/radiosucumbios.org.ec\/index.php?rest_route=%2Fwp%2Fv2%2Fcomments&post=1986"}],"version-history":[{"count":1,"href":"https:\/\/radiosucumbios.org.ec\/index.php?rest_route=\/wp\/v2\/posts\/1986\/revisions"}],"predecessor-version":[{"id":1988,"href":"https:\/\/radiosucumbios.org.ec\/index.php?rest_route=\/wp\/v2\/posts\/1986\/revisions\/1988"}],"wp:featuredmedia":[{"embeddable":true,"href":"https:\/\/radiosucumbios.org.ec\/index.php?rest_route=\/wp\/v2\/media\/1987"}],"wp:attachment":[{"href":"https:\/\/radiosucumbios.org.ec\/index.php?rest_route=%2Fwp%2Fv2%2Fmedia&parent=1986"}],"wp:term":[{"taxonomy":"category","embeddable":true,"href":"https:\/\/radiosucumbios.org.ec\/index.php?rest_route=%2Fwp%2Fv2%2Fcategories&post=1986"},{"taxonomy":"post_tag","embeddable":true,"href":"https:\/\/radiosucumbios.org.ec\/index.php?rest_route=%2Fwp%2Fv2%2Ftags&post=1986"}],"curies":[{"name":"wp","href":"https:\/\/api.w.org\/{rel}","templated":true}]}}