{"id":1995,"date":"2019-07-05T12:40:29","date_gmt":"2019-07-05T12:40:29","guid":{"rendered":"https:\/\/radiosucumbios.org.ec\/?p=1995"},"modified":"2019-07-05T12:40:29","modified_gmt":"2019-07-05T12:40:29","slug":"cuerpo-bomberos-del-canton-lago-agrio-realizo-cambio-jefe","status":"publish","type":"post","link":"https:\/\/radiosucumbios.org.ec\/?p=1995","title":{"rendered":"Cuerpo de bomberos del cant\u00f3n Lago Agrio realiz\u00f3 cambio de jefe"},"content":{"rendered":"<p>Luego de aproximadamente tres a\u00f1os el coronel Dionicio Encarnaci\u00f3n, regresa a la jefatura del Cuerpo de Bomberos del cant\u00f3n Lago Agrio, una resoluci\u00f3n del consejo municipal que rigi\u00f3 en todo el pa\u00eds, lo tubo relegado de la jefatura, mientras ocupaba el cargo el teniente coronel Marlon Espa\u00f1a.<!--more--><\/p>\n<p>Luego que asume la Jefatura el coronel Dionicio Encarnaci\u00f3n el teniente coronel Marlos Espa\u00f1a, regresa a ocupar la jefatura del departamento de prevenci\u00f3n de incendios, espacio donde se desempe\u00f1\u00f3 por casi 17 a\u00f1os, se refiri\u00f3 el ex jefe del Cuerpo de Bomberos del cant\u00f3n Lago Agrio, teniente coronel Marlon Espa\u00f1a.<\/p>\n<p>Por su parte el coronel Dionicio Encarnaci\u00f3n, despu\u00e9s de asumir formalmente la jefatura del Cuerpo de Bomberos, destaco el esfuerzo de los bomberos a la hora de realizar su trabajo hizo un compromiso de fortalecer el voluntariado en el Cuerpo de Bomberos.<\/p>\n<p>El alcalde del cant\u00f3n Lago Agrio, ingeniero Abraham Freire, se comprometi\u00f3 a brindar todo el apoyo necesario para que el Cuerpo de Bomberos del cant\u00f3n Lago Agrio, y mejoren sus condiciones y puedan actuar de mejor forma en atenci\u00f3n de las emergencias.<\/p>\n","protected":false},"excerpt":{"rendered":"<p>Luego de aproximadamente tres a\u00f1os el coronel Dionicio Encarnaci\u00f3n, regresa a la jefatura del Cuerpo de Bomberos del cant\u00f3n Lago Agrio, una resoluci\u00f3n del consejo municipal que rigi\u00f3 en todo el pa\u00eds, lo tubo relegado de la jefatura, mientras ocupaba el cargo el teniente coronel Marlon Espa\u00f1a.<\/p>\n","protected":false},"author":1,"featured_media":1996,"comment_status":"open","ping_status":"closed","sticky":false,"template":"","format":"standard","meta":{"footnotes":""},"categories":[3,5],"tags":[],"class_list":["post-1995","post","type-post","status-publish","format-standard","has-post-thumbnail","hentry","category-noticias","category-sucumbios"],"_links":{"self":[{"href":"https:\/\/radiosucumbios.org.ec\/index.php?rest_route=\/wp\/v2\/posts\/1995","targetHints":{"allow":["GET"]}}],"collection":[{"href":"https:\/\/radiosucumbios.org.ec\/index.php?rest_route=\/wp\/v2\/posts"}],"about":[{"href":"https:\/\/radiosucumbios.org.ec\/index.php?rest_route=\/wp\/v2\/types\/post"}],"author":[{"embeddable":true,"href":"https:\/\/radiosucumbios.org.ec\/index.php?rest_route=\/wp\/v2\/users\/1"}],"replies":[{"embeddable":true,"href":"https:\/\/radiosucumbios.org.ec\/index.php?rest_route=%2Fwp%2Fv2%2Fcomments&post=1995"}],"version-history":[{"count":1,"href":"https:\/\/radiosucumbios.org.ec\/index.php?rest_route=\/wp\/v2\/posts\/1995\/revisions"}],"predecessor-version":[{"id":1997,"href":"https:\/\/radiosucumbios.org.ec\/index.php?rest_route=\/wp\/v2\/posts\/1995\/revisions\/1997"}],"wp:featuredmedia":[{"embeddable":true,"href":"https:\/\/radiosucumbios.org.ec\/index.php?rest_route=\/wp\/v2\/media\/1996"}],"wp:attachment":[{"href":"https:\/\/radiosucumbios.org.ec\/index.php?rest_route=%2Fwp%2Fv2%2Fmedia&parent=1995"}],"wp:term":[{"taxonomy":"category","embeddable":true,"href":"https:\/\/radiosucumbios.org.ec\/index.php?rest_route=%2Fwp%2Fv2%2Fcategories&post=1995"},{"taxonomy":"post_tag","embeddable":true,"href":"https:\/\/radiosucumbios.org.ec\/index.php?rest_route=%2Fwp%2Fv2%2Ftags&post=1995"}],"curies":[{"name":"wp","href":"https:\/\/api.w.org\/{rel}","templated":true}]}}