{"id":20,"date":"2017-07-10T00:20:48","date_gmt":"2017-07-10T00:20:48","guid":{"rendered":"http:\/\/radiosucumbios.org.ec\/?p=20"},"modified":"2017-07-10T01:31:49","modified_gmt":"2017-07-10T01:31:49","slug":"estudiantes-con-discapacidad-auditiva-de-la-escuela-especial-jefferson-perez-se-incorporaron","status":"publish","type":"post","link":"https:\/\/radiosucumbios.org.ec\/?p=20","title":{"rendered":"Estudiantes con discapacidad auditiva se incorporaron"},"content":{"rendered":"<h6>Con gran emoci\u00f3n de los padres de familia, maestros, estudiantes y autoridades de la provincia, se incorporaron ni\u00f1os y adolescentes de la Escuela Especial Jefferson P\u00e9rez, de la ciudad de Nueva Loja cant\u00f3n Lago Agrio.<!--more--><\/h6>\n<p>Un evento propio con lenguaje de se\u00f1as incluso para los asistentes sali\u00f3 de lo com\u00fan de los eventos llenos de aplausos, mientras lo graduados se colocaban la capa y su muceta, l\u00e1grimas de emoci\u00f3n de sus madres se derramaban.<\/p>\n<p>El licenciado, Fernando Guanotasi, director de la Escuela Especial Jefferson P\u00e9rez, mostr\u00f3 su satisfacci\u00f3n por la presencia de las autoridades, a diferencia de a\u00f1os anteriores que brillaban con la ausencia y pidi\u00f3 el apoyo para seguir mejorando la instituci\u00f3n.<\/p>\n<p>La instituci\u00f3n contaba con 21 estudiantes, pero con la incorporaci\u00f3n de tres j\u00f3venes se quedaran con 18, para el nuevo a\u00f1o lectivo se har\u00e1 un llamado para que ingresen al plantel ya que seg\u00fan las estad\u00edsticas en el cant\u00f3n existen unos 150 ni\u00f1os con discapacidad auditiva, indic\u00f3 el director.<\/p>\n<p>Don Edison Cusme, padre de Jhon, que ya se gradu\u00f3 en esta promoci\u00f3n, coment\u00f3 que al inicio fue muy dif\u00edcil ya que estaba en un plantel educativo regular, pero con el cambio a la escuela especial, mejoro la situaci\u00f3n y seguir\u00e1n apoyando para que siga estudiando, indic\u00f3.<\/p>\n<p>El magister Alfonso Rojas, del departamento de Apoyo y Seguimiento del Distrito de Educaci\u00f3n Lago Agrio, manifest\u00f3 que desde el Ministerio de Educaci\u00f3n se est\u00e1 aplicando la inclusi\u00f3n educativa, sin embargo hace falta especialmente en la infraestructura de la escuela especial para lo cual deben seguir trabajando, comento.<\/p>\n","protected":false},"excerpt":{"rendered":"<p>Con gran emoci\u00f3n de los padres de familia, maestros, estudiantes y autoridades de la provincia, se incorporaron ni\u00f1os y adolescentes de la Escuela Especial Jefferson P\u00e9rez, de la ciudad de Nueva Loja cant\u00f3n Lago Agrio.<\/p>\n","protected":false},"author":1,"featured_media":21,"comment_status":"open","ping_status":"closed","sticky":false,"template":"","format":"standard","meta":{"footnotes":""},"categories":[3,5],"tags":[],"class_list":["post-20","post","type-post","status-publish","format-standard","has-post-thumbnail","hentry","category-noticias","category-sucumbios"],"_links":{"self":[{"href":"https:\/\/radiosucumbios.org.ec\/index.php?rest_route=\/wp\/v2\/posts\/20","targetHints":{"allow":["GET"]}}],"collection":[{"href":"https:\/\/radiosucumbios.org.ec\/index.php?rest_route=\/wp\/v2\/posts"}],"about":[{"href":"https:\/\/radiosucumbios.org.ec\/index.php?rest_route=\/wp\/v2\/types\/post"}],"author":[{"embeddable":true,"href":"https:\/\/radiosucumbios.org.ec\/index.php?rest_route=\/wp\/v2\/users\/1"}],"replies":[{"embeddable":true,"href":"https:\/\/radiosucumbios.org.ec\/index.php?rest_route=%2Fwp%2Fv2%2Fcomments&post=20"}],"version-history":[{"count":6,"href":"https:\/\/radiosucumbios.org.ec\/index.php?rest_route=\/wp\/v2\/posts\/20\/revisions"}],"predecessor-version":[{"id":38,"href":"https:\/\/radiosucumbios.org.ec\/index.php?rest_route=\/wp\/v2\/posts\/20\/revisions\/38"}],"wp:featuredmedia":[{"embeddable":true,"href":"https:\/\/radiosucumbios.org.ec\/index.php?rest_route=\/wp\/v2\/media\/21"}],"wp:attachment":[{"href":"https:\/\/radiosucumbios.org.ec\/index.php?rest_route=%2Fwp%2Fv2%2Fmedia&parent=20"}],"wp:term":[{"taxonomy":"category","embeddable":true,"href":"https:\/\/radiosucumbios.org.ec\/index.php?rest_route=%2Fwp%2Fv2%2Fcategories&post=20"},{"taxonomy":"post_tag","embeddable":true,"href":"https:\/\/radiosucumbios.org.ec\/index.php?rest_route=%2Fwp%2Fv2%2Ftags&post=20"}],"curies":[{"name":"wp","href":"https:\/\/api.w.org\/{rel}","templated":true}]}}