{"id":2006,"date":"2019-07-05T13:16:55","date_gmt":"2019-07-05T13:16:55","guid":{"rendered":"https:\/\/radiosucumbios.org.ec\/?p=2006"},"modified":"2019-07-05T13:16:55","modified_gmt":"2019-07-05T13:16:55","slug":"terrenos-la-universidad-estatal-amazonica-sucumbios-podrian-cedidos-construccion-cuartel-policial-especializada","status":"publish","type":"post","link":"https:\/\/radiosucumbios.org.ec\/?p=2006","title":{"rendered":"Terrenos de la Universidad Estatal Amaz\u00f3nica en Sucumb\u00edos podr\u00edan ser cedidos para construcci\u00f3n de cuartel policial especializada"},"content":{"rendered":"<p>Mediante una solicitud formal, por parte de la comandancia de la Polic\u00eda Nacional en la provincia de Sucumb\u00edos, el director de Universidad Estatal Amaz\u00f3nica sede Sucumb\u00edos, afirm\u00f3 que existe el pedido de una \u00e1rea de terreno en la parroquia El Eno que pertenece a la Universidad.<!--more--><\/p>\n<p>Actualmente la Universidad cuenta con un \u00e1rea de 38 hect\u00e1reas aproximadamente, terrenos que Inmobiliaria adquiri\u00f3 para la creaci\u00f3n de una sede de la universidad IKIAN, y lamentablemente solo quedo en sue\u00f1os, por lo que inmobiliaria, decidi\u00f3 entregar esos terrenos a la Universidad Estatal Amaz\u00f3nica.<\/p>\n<p>Edison Segura, director de la Universidad Estatal Amaz\u00f3nica, sede de Sucumb\u00edos, indic\u00f3 que en los terrenos ubicados en la parroquia El Eno en una parte se est\u00e1 trabajando con los estudiantes para el mejoramiento de semillas de caf\u00e9, cacao y arboles maderables de chuncho.<\/p>\n<p>El documento que solicita dicho terreno por parte de la Polic\u00eda Nacional, ingres\u00f3 el 21 de junio en la sede de la Universidad Estatal de Sucumb\u00edos, la misma que ya ha sido trasladado hacia la matriz, para su tratamiento de lo cual se conoce que ya fue tratando por la autoridades de la Universidad.<\/p>\n<p>Luis V\u00e9lez, presidente del Gobierno Parroquial de El Eno, indic\u00f3 que al conocer que es una obra que dinamizar\u00e1 la econom\u00eda de la parroquia, est\u00e1n arrimando el hombro para ayudar con la gesti\u00f3n para que se agilite y se brinde todas las facilidades.<\/p>\n","protected":false},"excerpt":{"rendered":"<p>Mediante una solicitud formal, por parte de la comandancia de la Polic\u00eda Nacional en la provincia de Sucumb\u00edos, el director de Universidad Estatal Amaz\u00f3nica sede Sucumb\u00edos, afirm\u00f3 que existe el pedido de una \u00e1rea de terreno en la parroquia El Eno que pertenece a la Universidad.<\/p>\n","protected":false},"author":1,"featured_media":2007,"comment_status":"open","ping_status":"closed","sticky":false,"template":"","format":"standard","meta":{"footnotes":""},"categories":[3,5],"tags":[],"class_list":["post-2006","post","type-post","status-publish","format-standard","has-post-thumbnail","hentry","category-noticias","category-sucumbios"],"_links":{"self":[{"href":"https:\/\/radiosucumbios.org.ec\/index.php?rest_route=\/wp\/v2\/posts\/2006","targetHints":{"allow":["GET"]}}],"collection":[{"href":"https:\/\/radiosucumbios.org.ec\/index.php?rest_route=\/wp\/v2\/posts"}],"about":[{"href":"https:\/\/radiosucumbios.org.ec\/index.php?rest_route=\/wp\/v2\/types\/post"}],"author":[{"embeddable":true,"href":"https:\/\/radiosucumbios.org.ec\/index.php?rest_route=\/wp\/v2\/users\/1"}],"replies":[{"embeddable":true,"href":"https:\/\/radiosucumbios.org.ec\/index.php?rest_route=%2Fwp%2Fv2%2Fcomments&post=2006"}],"version-history":[{"count":1,"href":"https:\/\/radiosucumbios.org.ec\/index.php?rest_route=\/wp\/v2\/posts\/2006\/revisions"}],"predecessor-version":[{"id":2008,"href":"https:\/\/radiosucumbios.org.ec\/index.php?rest_route=\/wp\/v2\/posts\/2006\/revisions\/2008"}],"wp:featuredmedia":[{"embeddable":true,"href":"https:\/\/radiosucumbios.org.ec\/index.php?rest_route=\/wp\/v2\/media\/2007"}],"wp:attachment":[{"href":"https:\/\/radiosucumbios.org.ec\/index.php?rest_route=%2Fwp%2Fv2%2Fmedia&parent=2006"}],"wp:term":[{"taxonomy":"category","embeddable":true,"href":"https:\/\/radiosucumbios.org.ec\/index.php?rest_route=%2Fwp%2Fv2%2Fcategories&post=2006"},{"taxonomy":"post_tag","embeddable":true,"href":"https:\/\/radiosucumbios.org.ec\/index.php?rest_route=%2Fwp%2Fv2%2Ftags&post=2006"}],"curies":[{"name":"wp","href":"https:\/\/api.w.org\/{rel}","templated":true}]}}