{"id":2020,"date":"2019-08-06T00:43:40","date_gmt":"2019-08-06T00:43:40","guid":{"rendered":"https:\/\/radiosucumbios.org.ec\/?p=2020"},"modified":"2019-08-06T00:44:33","modified_gmt":"2019-08-06T00:44:33","slug":"paro-progresivo-gobierno-nacional-destine-los-recursos-reparar-las-vias","status":"publish","type":"post","link":"https:\/\/radiosucumbios.org.ec\/?p=2020","title":{"rendered":"Paro progresivo hasta que el gobierno nacional destine los recursos para reparar las v\u00edas"},"content":{"rendered":"<p>Decenas de ciudadanos de la Amazonia se concentraron en Baeza Quijos en la asamblea tri-provincial: Napo, Orellana y Sucumb\u00edos, para analizar los problemas que aquejan con mayor fuerza desde hace un mes, principalmente el sistema vial.<!--more--><\/p>\n<p>Esto termin\u00f3 con una resoluci\u00f3n de un paro progresivo.<\/p>\n<p>Los dirigentes y autoridades de las tres provincias, explicaron que se han realizado las gestiones necesarias, producto de aquello se declar\u00f3 en estado de emergencia vial, sin embargo el Gobierno a trav\u00e9s del Ministerio de Transportes y Obras P\u00fablicas, no responden a esta necesidad urgente.<\/p>\n<p>La asamblea resolvi\u00f3 seis puntos, entre ellos pedir al Gobierno Nacional atenci\u00f3n inmediata, en la reactivaci\u00f3n del \u00e1rea tur\u00edstica, comercial y productiva, la reparaci\u00f3n inmediata de la v\u00eda en las tres provincias, adem\u00e1s de la declaratoria del paro progresivo.<\/p>\n<p>Luego de escuchar las resoluciones, de la asamblea en Baeza, algunas autoridades intentaron protagonizar, como en el caso del asamble\u00edsta Yofre Poma, que arremeti\u00f3 en contra de las autoridades que son partidarios del actual Gobierno Nacional.<\/p>\n<p>Enseguida el ingeniero Andr\u00e9s Bonilla, presidente del Consorcio de Municipios Amaz\u00f3nicos y Gal\u00e1pagos (COMAGA), refuto la intervenci\u00f3n del asamble\u00edsta, de Sucumb\u00edos, se\u00f1alando que son responsables del desastre que hoy est\u00e1 viviendo la Amazonia.<\/p>\n","protected":false},"excerpt":{"rendered":"<p>Decenas de ciudadanos de la Amazonia se concentraron en Baeza Quijos en la asamblea tri-provincial: Napo, Orellana y Sucumb\u00edos, para analizar los problemas que aquejan con mayor fuerza desde hace un mes, principalmente el sistema vial.<\/p>\n","protected":false},"author":1,"featured_media":2021,"comment_status":"open","ping_status":"closed","sticky":false,"template":"","format":"standard","meta":{"footnotes":""},"categories":[3,5],"tags":[],"class_list":["post-2020","post","type-post","status-publish","format-standard","has-post-thumbnail","hentry","category-noticias","category-sucumbios"],"_links":{"self":[{"href":"https:\/\/radiosucumbios.org.ec\/index.php?rest_route=\/wp\/v2\/posts\/2020","targetHints":{"allow":["GET"]}}],"collection":[{"href":"https:\/\/radiosucumbios.org.ec\/index.php?rest_route=\/wp\/v2\/posts"}],"about":[{"href":"https:\/\/radiosucumbios.org.ec\/index.php?rest_route=\/wp\/v2\/types\/post"}],"author":[{"embeddable":true,"href":"https:\/\/radiosucumbios.org.ec\/index.php?rest_route=\/wp\/v2\/users\/1"}],"replies":[{"embeddable":true,"href":"https:\/\/radiosucumbios.org.ec\/index.php?rest_route=%2Fwp%2Fv2%2Fcomments&post=2020"}],"version-history":[{"count":1,"href":"https:\/\/radiosucumbios.org.ec\/index.php?rest_route=\/wp\/v2\/posts\/2020\/revisions"}],"predecessor-version":[{"id":2022,"href":"https:\/\/radiosucumbios.org.ec\/index.php?rest_route=\/wp\/v2\/posts\/2020\/revisions\/2022"}],"wp:featuredmedia":[{"embeddable":true,"href":"https:\/\/radiosucumbios.org.ec\/index.php?rest_route=\/wp\/v2\/media\/2021"}],"wp:attachment":[{"href":"https:\/\/radiosucumbios.org.ec\/index.php?rest_route=%2Fwp%2Fv2%2Fmedia&parent=2020"}],"wp:term":[{"taxonomy":"category","embeddable":true,"href":"https:\/\/radiosucumbios.org.ec\/index.php?rest_route=%2Fwp%2Fv2%2Fcategories&post=2020"},{"taxonomy":"post_tag","embeddable":true,"href":"https:\/\/radiosucumbios.org.ec\/index.php?rest_route=%2Fwp%2Fv2%2Ftags&post=2020"}],"curies":[{"name":"wp","href":"https:\/\/api.w.org\/{rel}","templated":true}]}}