{"id":2029,"date":"2019-08-21T23:28:37","date_gmt":"2019-08-21T23:28:37","guid":{"rendered":"https:\/\/radiosucumbios.org.ec\/?p=2029"},"modified":"2019-08-22T01:14:50","modified_gmt":"2019-08-22T01:14:50","slug":"acuerdos-gobierno-nacional-sucumbios","status":"publish","type":"post","link":"https:\/\/radiosucumbios.org.ec\/?p=2029","title":{"rendered":"Acuerdos entre el Gobierno Nacional y Sucumb\u00edos"},"content":{"rendered":"<p>Durante la rueda de prensa en horas de la noche del 20 de agosto del 2019 en las instalaciones del ECU 911 Nueva Loja ofrecida por la Asamblea Provincia de Sucumb\u00edos\u00a0\u00a0\u00a0\u00a0 en donde se inform\u00f3 de los acuerdos alcanzados con los Ministros de Estado durante m\u00e1s de ocho horas de reuni\u00f3n.<\/p>\n<p><!--more--><\/p>\n<p>Amado Ch\u00e1vez prefecto de Sucumb\u00edos y presidente de la Asamblea Provincial dio a conocer dichos acuerdos y con ello hizo un llamado a las y los ciudadanos a suspender por 120 d\u00edas el Paro Provincial que Sucumb\u00edos ven\u00eda sosteniendo del el viernes 16 de agosto.<\/p>\n<p>&nbsp;<\/p>\n<p><iframe loading=\"lazy\" src=\"https:\/\/www.facebook.com\/plugins\/video.php?href=https%3A%2F%2Fwww.facebook.com%2Fradiosucumbios%2Fvideos%2F2430306703877604%2F&#038;show_text=1&#038;width=560\" width=\"560\" height=\"489\" style=\"border:none;overflow:hidden\" scrolling=\"no\" frameborder=\"0\" allowTransparency=\"true\" allow=\"encrypted-media\" allowFullScreen=\"true\"><\/iframe><\/p>\n<p>&nbsp;<\/p>\n<p>[aas_slider id=\u00bb2045&#8243;]<\/p>\n<p>&nbsp;<\/p>\n<p>&nbsp;<\/p>\n<p>&nbsp;<\/p>\n<p>&nbsp;<\/p>\n<p>&nbsp;<\/p>\n<p>&nbsp;<\/p>\n<p>&nbsp;<\/p>\n<p>&nbsp;<\/p>\n<p>&nbsp;<\/p>\n","protected":false},"excerpt":{"rendered":"<p>Durante la rueda de prensa en horas de la noche del 20 de agosto del 2019 en las instalaciones del ECU 911 Nueva Loja ofrecida por la Asamblea Provincia de Sucumb\u00edos\u00a0\u00a0\u00a0\u00a0 en donde se inform\u00f3 de los acuerdos alcanzados con los Ministros de Estado durante m\u00e1s de ocho horas de reuni\u00f3n.<\/p>\n","protected":false},"author":1,"featured_media":2043,"comment_status":"open","ping_status":"closed","sticky":false,"template":"","format":"standard","meta":{"footnotes":""},"categories":[3,5],"tags":[],"class_list":["post-2029","post","type-post","status-publish","format-standard","has-post-thumbnail","hentry","category-noticias","category-sucumbios"],"_links":{"self":[{"href":"https:\/\/radiosucumbios.org.ec\/index.php?rest_route=\/wp\/v2\/posts\/2029","targetHints":{"allow":["GET"]}}],"collection":[{"href":"https:\/\/radiosucumbios.org.ec\/index.php?rest_route=\/wp\/v2\/posts"}],"about":[{"href":"https:\/\/radiosucumbios.org.ec\/index.php?rest_route=\/wp\/v2\/types\/post"}],"author":[{"embeddable":true,"href":"https:\/\/radiosucumbios.org.ec\/index.php?rest_route=\/wp\/v2\/users\/1"}],"replies":[{"embeddable":true,"href":"https:\/\/radiosucumbios.org.ec\/index.php?rest_route=%2Fwp%2Fv2%2Fcomments&post=2029"}],"version-history":[{"count":5,"href":"https:\/\/radiosucumbios.org.ec\/index.php?rest_route=\/wp\/v2\/posts\/2029\/revisions"}],"predecessor-version":[{"id":2048,"href":"https:\/\/radiosucumbios.org.ec\/index.php?rest_route=\/wp\/v2\/posts\/2029\/revisions\/2048"}],"wp:featuredmedia":[{"embeddable":true,"href":"https:\/\/radiosucumbios.org.ec\/index.php?rest_route=\/wp\/v2\/media\/2043"}],"wp:attachment":[{"href":"https:\/\/radiosucumbios.org.ec\/index.php?rest_route=%2Fwp%2Fv2%2Fmedia&parent=2029"}],"wp:term":[{"taxonomy":"category","embeddable":true,"href":"https:\/\/radiosucumbios.org.ec\/index.php?rest_route=%2Fwp%2Fv2%2Fcategories&post=2029"},{"taxonomy":"post_tag","embeddable":true,"href":"https:\/\/radiosucumbios.org.ec\/index.php?rest_route=%2Fwp%2Fv2%2Ftags&post=2029"}],"curies":[{"name":"wp","href":"https:\/\/api.w.org\/{rel}","templated":true}]}}