{"id":2065,"date":"2019-08-27T00:59:10","date_gmt":"2019-08-27T00:59:10","guid":{"rendered":"https:\/\/radiosucumbios.org.ec\/?p=2065"},"modified":"2019-08-27T00:59:10","modified_gmt":"2019-08-27T00:59:10","slug":"comunidades-sacha-entregan-estudios-asfaltado-la-via","status":"publish","type":"post","link":"https:\/\/radiosucumbios.org.ec\/?p=2065","title":{"rendered":"Comunidades en el Sacha entregan estudios para el asfaltado de la v\u00eda"},"content":{"rendered":"<p>Habitantes de las comunidades, El Oro, Florida, Lojana y Amor, pertenecientes al cant\u00f3n Joya de los Sachas provincia de Orellana, entregaron los estudios para el asfaltado de la v\u00eda a la prefecta de Orellana y al alcalde<!--more--><\/p>\n<p>Seg\u00fan las autoridades a los estudios de faltan formalizar para iniciar los trabajos que desde hace a\u00f1os han venido gestionando, pero no se les hizo realidad, ahora con una nueva administraci\u00f3n se har\u00e1 realidad.<\/p>\n<p>Ram\u00f3n Tobar, presidente del comit\u00e9 pro asfalto y presidente del recinto El Oro, record\u00f3 los dos a\u00f1os de dif\u00edcil trabajo para conseguir los estudios y encomend\u00f3 a la Prefecta y alcalde del cant\u00f3n a que destinen los recursos necesarios y se haga la obra.<\/p>\n<p>El ingeniero Franklin Cabera, supervisor del departamento de obras p\u00fablicas del Gobierno Provincial de Orellana, explic\u00f3 que esta obra corresponde a unos convenios que ya est\u00e1n determinados, sin embargo falta algunos aspectos de firmas del alcalde se\u00f1alo.<\/p>\n<p>Esta obra es una responsabilidad de las autoridades m\u00e1s all\u00e1 de los compromisos acordados, ya son cuatro comunidades que constantemente han venido trabajo y ahora se har\u00e1 realidad, se\u00f1alo el funcionario del Gobierno Provincial de Orellana.<\/p>\n","protected":false},"excerpt":{"rendered":"<p>Habitantes de las comunidades, El Oro, Florida, Lojana y Amor, pertenecientes al cant\u00f3n Joya de los Sachas provincia de Orellana, entregaron los estudios para el asfaltado de la v\u00eda a la prefecta de Orellana y al alcalde<\/p>\n","protected":false},"author":1,"featured_media":2066,"comment_status":"open","ping_status":"closed","sticky":false,"template":"","format":"standard","meta":{"footnotes":""},"categories":[58,3,6],"tags":[],"class_list":["post-2065","post","type-post","status-publish","format-standard","has-post-thumbnail","hentry","category-comunidad","category-noticias","category-orellana"],"_links":{"self":[{"href":"https:\/\/radiosucumbios.org.ec\/index.php?rest_route=\/wp\/v2\/posts\/2065","targetHints":{"allow":["GET"]}}],"collection":[{"href":"https:\/\/radiosucumbios.org.ec\/index.php?rest_route=\/wp\/v2\/posts"}],"about":[{"href":"https:\/\/radiosucumbios.org.ec\/index.php?rest_route=\/wp\/v2\/types\/post"}],"author":[{"embeddable":true,"href":"https:\/\/radiosucumbios.org.ec\/index.php?rest_route=\/wp\/v2\/users\/1"}],"replies":[{"embeddable":true,"href":"https:\/\/radiosucumbios.org.ec\/index.php?rest_route=%2Fwp%2Fv2%2Fcomments&post=2065"}],"version-history":[{"count":2,"href":"https:\/\/radiosucumbios.org.ec\/index.php?rest_route=\/wp\/v2\/posts\/2065\/revisions"}],"predecessor-version":[{"id":2068,"href":"https:\/\/radiosucumbios.org.ec\/index.php?rest_route=\/wp\/v2\/posts\/2065\/revisions\/2068"}],"wp:featuredmedia":[{"embeddable":true,"href":"https:\/\/radiosucumbios.org.ec\/index.php?rest_route=\/wp\/v2\/media\/2066"}],"wp:attachment":[{"href":"https:\/\/radiosucumbios.org.ec\/index.php?rest_route=%2Fwp%2Fv2%2Fmedia&parent=2065"}],"wp:term":[{"taxonomy":"category","embeddable":true,"href":"https:\/\/radiosucumbios.org.ec\/index.php?rest_route=%2Fwp%2Fv2%2Fcategories&post=2065"},{"taxonomy":"post_tag","embeddable":true,"href":"https:\/\/radiosucumbios.org.ec\/index.php?rest_route=%2Fwp%2Fv2%2Ftags&post=2065"}],"curies":[{"name":"wp","href":"https:\/\/api.w.org\/{rel}","templated":true}]}}