{"id":2075,"date":"2019-08-30T11:33:18","date_gmt":"2019-08-30T11:33:18","guid":{"rendered":"https:\/\/radiosucumbios.org.ec\/?p=2075"},"modified":"2019-08-30T11:47:03","modified_gmt":"2019-08-30T11:47:03","slug":"moreno-anuncio-una-cruzada-la-seguridad","status":"publish","type":"post","link":"https:\/\/radiosucumbios.org.ec\/?p=2075","title":{"rendered":"Moreno anunci\u00f3 una cruzada por la seguridad"},"content":{"rendered":"<p>Moreno dispone que militares salgan a las calles: \u2018A partir de hoy decimos \u00a1basta al temor!\u2019<!--more--><\/p>\n<p>El presidente Len\u00edn Moreno anunci\u00f3 que militares y polic\u00edas formar\u00e1n parte de un \u00abreforzado operativo de seguridad\u00bb a escala nacional.<\/p>\n<div class=\"text_exposed_show\">\n<p>El anuncio lo hizo este jueves 29 de agosto del 2019 desde el Fuerte Huancavilca en Guayaquil.<\/p>\n<p>\u00abHoy damos inicio a un reforzado operativo de seguridad que poco a poco cubrir\u00e1 y abarcar\u00e1 todo el espectro nacional, todo el territorio nacional\u00bb, dijo que Presidente.<\/p>\n<p>El Presidente se\u00f1al\u00f3 que \u00aba partir de hoy decimos basta al temor, basta a caminar con miedo, basta a caminar con miedo por las calles o peor a\u00fan, basta de vivir con miedo dentro de nuestros propios hogares\u00bb.<\/p>\n<p>El Gobierno ser\u00e1 &#8216;implacable&#8217; contra quienes act\u00faen en contra de la seguridad de los ecuatorianos, sostuvo Moreno.<\/p>\n<p>As\u00ed mismo hizo un llamado a las y los administradores de Justicia del Pa\u00eds a actuar pegado a la just\u00edcia.<\/p>\n<p>REDACCI\u00d3N: El Comercio.<br \/>\n<iframe loading=\"lazy\" src=\"https:\/\/www.facebook.com\/plugins\/video.php?href=https%3A%2F%2Fwww.facebook.com%2Fradiosucumbios%2Fvideos%2F358533521691410%2F&#038;show_text=1&#038;width=560\" width=\"560\" height=\"495\" style=\"border:none;overflow:hidden\" scrolling=\"no\" frameborder=\"0\" allowTransparency=\"true\" allow=\"encrypted-media\" allowFullScreen=\"true\"><\/iframe>\n<\/div>\n","protected":false},"excerpt":{"rendered":"<p>Moreno dispone que militares salgan a las calles: \u2018A partir de hoy decimos \u00a1basta al temor!\u2019<\/p>\n","protected":false},"author":1,"featured_media":2076,"comment_status":"open","ping_status":"closed","sticky":false,"template":"","format":"standard","meta":{"footnotes":""},"categories":[3],"tags":[],"class_list":["post-2075","post","type-post","status-publish","format-standard","has-post-thumbnail","hentry","category-noticias"],"_links":{"self":[{"href":"https:\/\/radiosucumbios.org.ec\/index.php?rest_route=\/wp\/v2\/posts\/2075","targetHints":{"allow":["GET"]}}],"collection":[{"href":"https:\/\/radiosucumbios.org.ec\/index.php?rest_route=\/wp\/v2\/posts"}],"about":[{"href":"https:\/\/radiosucumbios.org.ec\/index.php?rest_route=\/wp\/v2\/types\/post"}],"author":[{"embeddable":true,"href":"https:\/\/radiosucumbios.org.ec\/index.php?rest_route=\/wp\/v2\/users\/1"}],"replies":[{"embeddable":true,"href":"https:\/\/radiosucumbios.org.ec\/index.php?rest_route=%2Fwp%2Fv2%2Fcomments&post=2075"}],"version-history":[{"count":2,"href":"https:\/\/radiosucumbios.org.ec\/index.php?rest_route=\/wp\/v2\/posts\/2075\/revisions"}],"predecessor-version":[{"id":2078,"href":"https:\/\/radiosucumbios.org.ec\/index.php?rest_route=\/wp\/v2\/posts\/2075\/revisions\/2078"}],"wp:featuredmedia":[{"embeddable":true,"href":"https:\/\/radiosucumbios.org.ec\/index.php?rest_route=\/wp\/v2\/media\/2076"}],"wp:attachment":[{"href":"https:\/\/radiosucumbios.org.ec\/index.php?rest_route=%2Fwp%2Fv2%2Fmedia&parent=2075"}],"wp:term":[{"taxonomy":"category","embeddable":true,"href":"https:\/\/radiosucumbios.org.ec\/index.php?rest_route=%2Fwp%2Fv2%2Fcategories&post=2075"},{"taxonomy":"post_tag","embeddable":true,"href":"https:\/\/radiosucumbios.org.ec\/index.php?rest_route=%2Fwp%2Fv2%2Ftags&post=2075"}],"curies":[{"name":"wp","href":"https:\/\/api.w.org\/{rel}","templated":true}]}}