{"id":2259,"date":"2020-03-12T17:42:41","date_gmt":"2020-03-12T17:42:41","guid":{"rendered":"https:\/\/radiosucumbios.org.ec\/?p=2259"},"modified":"2020-03-12T17:44:34","modified_gmt":"2020-03-12T17:44:34","slug":"se-suspenden-las-clases-ecuador-pandemia-coronavirus","status":"publish","type":"post","link":"https:\/\/radiosucumbios.org.ec\/?p=2259","title":{"rendered":"Se suspenden las clases en Ecuador por pandem\u00eda de coronavirus"},"content":{"rendered":"<p>Desde este 13 de marzo del 2020 se suspenden las clases en el territorio nacional para prevenir contagio de coronavirus.<!--more--><\/p>\n<p>Las ministras de Gobierno, Mar\u00eda Paula Romo, y de Educaci\u00f3n, Monserrat Creamer, anunciaron este jueves 12 de marzo del 2020 la suspensi\u00f3n de todos los eventos masivos y las actividades acad\u00e9micas en todo el Ecuador. Esto frente a la declaratoria de emergencia sanitaria, vigente en el pa\u00eds desde la noche del mi\u00e9rcoles 11, por el brote del nuevo coronavirus covid-19.<\/p>\n<div class=\"text_exposed_show\">\n<p>A partir del viernes 13 de marzo del 2020 se suspenden las clases en todo el pa\u00eds.<\/p>\n<p>El Ministerio de Educaci\u00f3n ha trabajado en una plataforma inform\u00e1tica para operar desde el lunes.<\/p>\n<p>La Ministra de Educaci\u00f3n indic\u00f3 que no hay ni un solo caso de coronavirus declarado en el \u00e1mbito educativo, y que la medida es solamente de seguridad.<\/p>\n<p>Se suspenden las clases desde el viernes 13 de marzo. Desde el lunes 16 de marzo se comenzar\u00e1 a trabajar en la plataforma virtual y se trabajar\u00e1 con la radio y televisi\u00f3n.<\/p>\n<p>FUENTE: El Comercio<\/p>\n<\/div>\n","protected":false},"excerpt":{"rendered":"<p>Desde este 13 de marzo del 2020 se suspenden las clases en el territorio nacional para prevenir contagio de coronavirus.<\/p>\n","protected":false},"author":1,"featured_media":2260,"comment_status":"open","ping_status":"closed","sticky":false,"template":"","format":"standard","meta":{"footnotes":""},"categories":[3,5],"tags":[],"class_list":["post-2259","post","type-post","status-publish","format-standard","has-post-thumbnail","hentry","category-noticias","category-sucumbios"],"_links":{"self":[{"href":"https:\/\/radiosucumbios.org.ec\/index.php?rest_route=\/wp\/v2\/posts\/2259","targetHints":{"allow":["GET"]}}],"collection":[{"href":"https:\/\/radiosucumbios.org.ec\/index.php?rest_route=\/wp\/v2\/posts"}],"about":[{"href":"https:\/\/radiosucumbios.org.ec\/index.php?rest_route=\/wp\/v2\/types\/post"}],"author":[{"embeddable":true,"href":"https:\/\/radiosucumbios.org.ec\/index.php?rest_route=\/wp\/v2\/users\/1"}],"replies":[{"embeddable":true,"href":"https:\/\/radiosucumbios.org.ec\/index.php?rest_route=%2Fwp%2Fv2%2Fcomments&post=2259"}],"version-history":[{"count":3,"href":"https:\/\/radiosucumbios.org.ec\/index.php?rest_route=\/wp\/v2\/posts\/2259\/revisions"}],"predecessor-version":[{"id":2263,"href":"https:\/\/radiosucumbios.org.ec\/index.php?rest_route=\/wp\/v2\/posts\/2259\/revisions\/2263"}],"wp:featuredmedia":[{"embeddable":true,"href":"https:\/\/radiosucumbios.org.ec\/index.php?rest_route=\/wp\/v2\/media\/2260"}],"wp:attachment":[{"href":"https:\/\/radiosucumbios.org.ec\/index.php?rest_route=%2Fwp%2Fv2%2Fmedia&parent=2259"}],"wp:term":[{"taxonomy":"category","embeddable":true,"href":"https:\/\/radiosucumbios.org.ec\/index.php?rest_route=%2Fwp%2Fv2%2Fcategories&post=2259"},{"taxonomy":"post_tag","embeddable":true,"href":"https:\/\/radiosucumbios.org.ec\/index.php?rest_route=%2Fwp%2Fv2%2Ftags&post=2259"}],"curies":[{"name":"wp","href":"https:\/\/api.w.org\/{rel}","templated":true}]}}