{"id":2310,"date":"2020-03-17T22:56:38","date_gmt":"2020-03-17T22:56:38","guid":{"rendered":"https:\/\/radiosucumbios.org.ec\/?p=2310"},"modified":"2020-03-17T23:03:27","modified_gmt":"2020-03-17T23:03:27","slug":"resoluciones-del-coe-cantonal-lago-agrio","status":"publish","type":"post","link":"https:\/\/radiosucumbios.org.ec\/?p=2310","title":{"rendered":"Resoluciones del COE cantonal de Lago Agrio"},"content":{"rendered":"<p><span class=\"text_exposed_show\">Este martes 17 de marzo, se reuni\u00f3 el COE (Comit\u00e9 de Operaciones Emergentes) de Lago Agrio, que lo preside el alcalde Ing. Abraham Freire, donde se tomaron resoluciones ajustadas a las disposiciones nacionales ante la emergencia del COVID-19<\/span><!--more--><\/p>\n<p><span class=\"text_exposed_show\"><br \/>\n1. Se resolvi\u00f3 que el d\u00eda domingo se autorice la movilizaci\u00f3n del transporte hacia el sector rural, con la finalidad que quienes habitan en esas zonas puedan salir a vender sus productos y\/o abastecerse de alimentos.<\/span><\/p>\n<p><span class=\"text_exposed_show\"><br \/>\nLa 2. Polic\u00eda Nacional y las Fuerzas Armadas ser\u00e1n las responsables del control del toque de queda en el horario de 9 de la noche a 5 de la ma\u00f1ana, decretado a nivel nacional, por su parte Gobernaci\u00f3n otorgar\u00e1 los salvoconductos del caso.<\/span><\/p>\n<p><span class=\"text_exposed_show\"><br \/>\n3. De existir necesidad de fuerza mayor, se habilitar\u00e1 el transporte a\u00e9reo.<br \/>\nSe inform\u00f3 adem\u00e1s que los subcentros en las parroquias se encuentran habilitados ante cualquier emergencia, de igual manera los existentes en la zona urbana de Nueva Loja.<\/span><\/p>\n<p><span class=\"text_exposed_show\"><br \/>\nEn eta reuni\u00f3n a mas de los integrantes cantonales del COE, asistieron el prefecto de Sucumb\u00edos y el gobernador de esta provincia.<\/span><\/p>\n","protected":false},"excerpt":{"rendered":"<p>Este martes 17 de marzo, se reuni\u00f3 el COE (Comit\u00e9 de Operaciones Emergentes) de Lago Agrio, que lo preside el alcalde Ing. Abraham Freire, donde se tomaron resoluciones ajustadas a las disposiciones nacionales ante la emergencia del COVID-19<\/p>\n","protected":false},"author":1,"featured_media":2311,"comment_status":"open","ping_status":"closed","sticky":false,"template":"","format":"standard","meta":{"footnotes":""},"categories":[3,5],"tags":[],"class_list":["post-2310","post","type-post","status-publish","format-standard","has-post-thumbnail","hentry","category-noticias","category-sucumbios"],"_links":{"self":[{"href":"https:\/\/radiosucumbios.org.ec\/index.php?rest_route=\/wp\/v2\/posts\/2310","targetHints":{"allow":["GET"]}}],"collection":[{"href":"https:\/\/radiosucumbios.org.ec\/index.php?rest_route=\/wp\/v2\/posts"}],"about":[{"href":"https:\/\/radiosucumbios.org.ec\/index.php?rest_route=\/wp\/v2\/types\/post"}],"author":[{"embeddable":true,"href":"https:\/\/radiosucumbios.org.ec\/index.php?rest_route=\/wp\/v2\/users\/1"}],"replies":[{"embeddable":true,"href":"https:\/\/radiosucumbios.org.ec\/index.php?rest_route=%2Fwp%2Fv2%2Fcomments&post=2310"}],"version-history":[{"count":1,"href":"https:\/\/radiosucumbios.org.ec\/index.php?rest_route=\/wp\/v2\/posts\/2310\/revisions"}],"predecessor-version":[{"id":2312,"href":"https:\/\/radiosucumbios.org.ec\/index.php?rest_route=\/wp\/v2\/posts\/2310\/revisions\/2312"}],"wp:featuredmedia":[{"embeddable":true,"href":"https:\/\/radiosucumbios.org.ec\/index.php?rest_route=\/wp\/v2\/media\/2311"}],"wp:attachment":[{"href":"https:\/\/radiosucumbios.org.ec\/index.php?rest_route=%2Fwp%2Fv2%2Fmedia&parent=2310"}],"wp:term":[{"taxonomy":"category","embeddable":true,"href":"https:\/\/radiosucumbios.org.ec\/index.php?rest_route=%2Fwp%2Fv2%2Fcategories&post=2310"},{"taxonomy":"post_tag","embeddable":true,"href":"https:\/\/radiosucumbios.org.ec\/index.php?rest_route=%2Fwp%2Fv2%2Ftags&post=2310"}],"curies":[{"name":"wp","href":"https:\/\/api.w.org\/{rel}","templated":true}]}}