{"id":2336,"date":"2020-03-19T21:33:52","date_gmt":"2020-03-19T21:33:52","guid":{"rendered":"https:\/\/radiosucumbios.org.ec\/?p=2336"},"modified":"2020-03-19T22:35:17","modified_gmt":"2020-03-19T22:35:17","slug":"sucumbios-2-casos-coronavirus-260-ecuador","status":"publish","type":"post","link":"https:\/\/radiosucumbios.org.ec\/?p=2336","title":{"rendered":"Cuyabeno con coronavirus 1 caso total de 2 casos en la provincia de Sucumb\u00edos (260 en Ecuador)"},"content":{"rendered":"<p>La secretaria de Gesti\u00f3n de Riesgos, Alexandra Ocles, inform\u00f3 la tarde de este jueves 19 de marzo del 2020 que en Sucumb\u00edos se aument\u00f3 1 caso positivo de coronavirus confirmado en el cant\u00f3n Cuyabeno, en total son 2 casos de coronavirus en Sucumb\u00edos.<!--more--><\/p>\n<div class=\"text_exposed_show\">\n<p>adem\u00e1s inform\u00f3 que tres personas se recuperaron, que pertenecen al cerco primario, a la paciente 0. A estos tres pacientes se les hizo la prueba el 1 de marzo y pasaron su aislamiento y 14 d\u00edas despu\u00e9s dieron negativo; 24 horas despu\u00e9s volvieron a dar negativo.<\/p>\n<div class=\"\" data-block=\"true\" data-editor=\"f7f1o\" data-offset-key=\"7kqm7-0-0\">\n<div class=\"_1mf _1mj\" data-offset-key=\"7kqm7-0-0\"><span data-offset-key=\"7kqm7-0-0\">\u00a0<\/span><\/div>\n<\/div>\n<div class=\"\" data-block=\"true\" data-editor=\"f7f1o\" data-offset-key=\"d6gkr-0-0\">\n<div class=\"_1mf _1mj\" data-offset-key=\"d6gkr-0-0\"><span data-offset-key=\"d6gkr-0-0\">Estas personas pueden salir del cerco, pero deber\u00e1n permanecer en una situaci\u00f3n de cuidado. Estaban en su domicilio, tres personas de 33, 36 y 66 a\u00f1os<\/span><\/div>\n<\/div>\n<div class=\"\" data-block=\"true\" data-editor=\"f7f1o\" data-offset-key=\"f4hq2-0-0\">\n<div class=\"_1mf _1mj\" data-offset-key=\"f4hq2-0-0\"><span data-offset-key=\"f4hq2-0-0\">\u00a0<\/span><\/div>\n<\/div>\n<div class=\"\" data-block=\"true\" data-editor=\"f7f1o\" data-offset-key=\"d3osv-0-0\">\n<div class=\"_1mf _1mj\" data-offset-key=\"d3osv-0-0\"><span data-offset-key=\"d3osv-0-0\">El n\u00famero de fallecidos aument\u00f3 en el pa\u00eds. Se trata de un paciente adulto mayor de la provincia de Manab\u00ed que no tiene relaci\u00f3n con el caso primario. El c\u00edrculo inmediato de la persona est\u00e1 en el cerco epidemiol\u00f3gico, agreg\u00f3 la funcionaria.<\/span><\/div>\n<\/div>\n<p><img loading=\"lazy\" decoding=\"async\" class=\"alignleft wp-image-2341\" src=\"https:\/\/radiosucumbios.org.ec\/wp-content\/uploads\/2020\/03\/INFOGRAFIA-NACIONALCOVI-19-COE-NACIONAL-19032020-16H00-1-232x300.png\" alt=\"\" width=\"621\" height=\"803\" srcset=\"https:\/\/radiosucumbios.org.ec\/wp-content\/uploads\/2020\/03\/INFOGRAFIA-NACIONALCOVI-19-COE-NACIONAL-19032020-16H00-1-232x300.png 232w, https:\/\/radiosucumbios.org.ec\/wp-content\/uploads\/2020\/03\/INFOGRAFIA-NACIONALCOVI-19-COE-NACIONAL-19032020-16H00-1-768x994.png 768w, https:\/\/radiosucumbios.org.ec\/wp-content\/uploads\/2020\/03\/INFOGRAFIA-NACIONALCOVI-19-COE-NACIONAL-19032020-16H00-1-791x1024.png 791w, https:\/\/radiosucumbios.org.ec\/wp-content\/uploads\/2020\/03\/INFOGRAFIA-NACIONALCOVI-19-COE-NACIONAL-19032020-16H00-1.png 1700w\" sizes=\"auto, (max-width: 621px) 100vw, 621px\" \/><\/p>\n<\/div>\n","protected":false},"excerpt":{"rendered":"<p>La secretaria de Gesti\u00f3n de Riesgos, Alexandra Ocles, inform\u00f3 la tarde de este jueves 19 de marzo del 2020 que en Sucumb\u00edos se aument\u00f3 1 caso positivo de coronavirus confirmado en el cant\u00f3n Cuyabeno, en total son 2 casos de coronavirus en Sucumb\u00edos.<\/p>\n","protected":false},"author":1,"featured_media":2337,"comment_status":"open","ping_status":"closed","sticky":false,"template":"","format":"standard","meta":{"footnotes":""},"categories":[3,5],"tags":[],"class_list":["post-2336","post","type-post","status-publish","format-standard","has-post-thumbnail","hentry","category-noticias","category-sucumbios"],"_links":{"self":[{"href":"https:\/\/radiosucumbios.org.ec\/index.php?rest_route=\/wp\/v2\/posts\/2336","targetHints":{"allow":["GET"]}}],"collection":[{"href":"https:\/\/radiosucumbios.org.ec\/index.php?rest_route=\/wp\/v2\/posts"}],"about":[{"href":"https:\/\/radiosucumbios.org.ec\/index.php?rest_route=\/wp\/v2\/types\/post"}],"author":[{"embeddable":true,"href":"https:\/\/radiosucumbios.org.ec\/index.php?rest_route=\/wp\/v2\/users\/1"}],"replies":[{"embeddable":true,"href":"https:\/\/radiosucumbios.org.ec\/index.php?rest_route=%2Fwp%2Fv2%2Fcomments&post=2336"}],"version-history":[{"count":5,"href":"https:\/\/radiosucumbios.org.ec\/index.php?rest_route=\/wp\/v2\/posts\/2336\/revisions"}],"predecessor-version":[{"id":2345,"href":"https:\/\/radiosucumbios.org.ec\/index.php?rest_route=\/wp\/v2\/posts\/2336\/revisions\/2345"}],"wp:featuredmedia":[{"embeddable":true,"href":"https:\/\/radiosucumbios.org.ec\/index.php?rest_route=\/wp\/v2\/media\/2337"}],"wp:attachment":[{"href":"https:\/\/radiosucumbios.org.ec\/index.php?rest_route=%2Fwp%2Fv2%2Fmedia&parent=2336"}],"wp:term":[{"taxonomy":"category","embeddable":true,"href":"https:\/\/radiosucumbios.org.ec\/index.php?rest_route=%2Fwp%2Fv2%2Fcategories&post=2336"},{"taxonomy":"post_tag","embeddable":true,"href":"https:\/\/radiosucumbios.org.ec\/index.php?rest_route=%2Fwp%2Fv2%2Ftags&post=2336"}],"curies":[{"name":"wp","href":"https:\/\/api.w.org\/{rel}","templated":true}]}}