{"id":2362,"date":"2020-03-23T23:22:05","date_gmt":"2020-03-23T23:22:05","guid":{"rendered":"https:\/\/radiosucumbios.org.ec\/?p=2362"},"modified":"2020-03-23T23:22:05","modified_gmt":"2020-03-23T23:22:05","slug":"yofre-poma-regreso-la-asamblea-nacional","status":"publish","type":"post","link":"https:\/\/radiosucumbios.org.ec\/?p=2362","title":{"rendered":"Yofre Poma regres\u00f3 a la asamblea nacional"},"content":{"rendered":"<p>El asamble\u00edsta Yofre Poma, recuper\u00f3 su curul, una vez que el Consejo de Administraci\u00f3n Legislativa (CAL) dej\u00f3 sin efecto la resoluci\u00f3n tomada en octubre del 2019, tras ser sentenciado por el delito de paralizaci\u00f3n de un servicio p\u00fablico durante las manifestaciones de octubre.<!--more--><\/p>\n<p>El CAL dej\u00f3 este lunes sin efecto esa resoluci\u00f3n tomada el 20 de octubre pasado por considerar que Poma logr\u00f3 de la Corte Nacional de Justicia la suspensi\u00f3n condicional de la pena en libertad, y por no tener sentencia condenatoria ejecutoriada.<\/p>\n","protected":false},"excerpt":{"rendered":"<p>El asamble\u00edsta Yofre Poma, recuper\u00f3 su curul, una vez que el Consejo de Administraci\u00f3n Legislativa (CAL) dej\u00f3 sin efecto la resoluci\u00f3n tomada en octubre del 2019, tras ser sentenciado por el delito de paralizaci\u00f3n de un servicio p\u00fablico durante las manifestaciones de octubre.<\/p>\n","protected":false},"author":1,"featured_media":2363,"comment_status":"open","ping_status":"closed","sticky":false,"template":"","format":"standard","meta":{"footnotes":""},"categories":[3],"tags":[],"class_list":["post-2362","post","type-post","status-publish","format-standard","has-post-thumbnail","hentry","category-noticias"],"_links":{"self":[{"href":"https:\/\/radiosucumbios.org.ec\/index.php?rest_route=\/wp\/v2\/posts\/2362","targetHints":{"allow":["GET"]}}],"collection":[{"href":"https:\/\/radiosucumbios.org.ec\/index.php?rest_route=\/wp\/v2\/posts"}],"about":[{"href":"https:\/\/radiosucumbios.org.ec\/index.php?rest_route=\/wp\/v2\/types\/post"}],"author":[{"embeddable":true,"href":"https:\/\/radiosucumbios.org.ec\/index.php?rest_route=\/wp\/v2\/users\/1"}],"replies":[{"embeddable":true,"href":"https:\/\/radiosucumbios.org.ec\/index.php?rest_route=%2Fwp%2Fv2%2Fcomments&post=2362"}],"version-history":[{"count":1,"href":"https:\/\/radiosucumbios.org.ec\/index.php?rest_route=\/wp\/v2\/posts\/2362\/revisions"}],"predecessor-version":[{"id":2364,"href":"https:\/\/radiosucumbios.org.ec\/index.php?rest_route=\/wp\/v2\/posts\/2362\/revisions\/2364"}],"wp:featuredmedia":[{"embeddable":true,"href":"https:\/\/radiosucumbios.org.ec\/index.php?rest_route=\/wp\/v2\/media\/2363"}],"wp:attachment":[{"href":"https:\/\/radiosucumbios.org.ec\/index.php?rest_route=%2Fwp%2Fv2%2Fmedia&parent=2362"}],"wp:term":[{"taxonomy":"category","embeddable":true,"href":"https:\/\/radiosucumbios.org.ec\/index.php?rest_route=%2Fwp%2Fv2%2Fcategories&post=2362"},{"taxonomy":"post_tag","embeddable":true,"href":"https:\/\/radiosucumbios.org.ec\/index.php?rest_route=%2Fwp%2Fv2%2Ftags&post=2362"}],"curies":[{"name":"wp","href":"https:\/\/api.w.org\/{rel}","templated":true}]}}