{"id":2375,"date":"2020-03-26T11:59:49","date_gmt":"2020-03-26T11:59:49","guid":{"rendered":"https:\/\/radiosucumbios.org.ec\/?p=2375"},"modified":"2020-03-26T11:59:49","modified_gmt":"2020-03-26T11:59:49","slug":"equipos-respiradores-fueron-solicitados-carchi-al-hospital-sucumbios","status":"publish","type":"post","link":"https:\/\/radiosucumbios.org.ec\/?p=2375","title":{"rendered":"Equipos respiradores fueron solicitados por Carchi al Hospital de Sucumb\u00edos"},"content":{"rendered":"<p>Con la disposici\u00f3n del coordinador Zonal de Salud, se debilita el equipamiento del \u00fanico Hospital de Sucumb\u00edos, para enfrentar la emergencia del COVID-19, mediante memor\u00e1ndum, la autoridad zonal, ordena trasladar ventiladores mec\u00e1nicos al Hospital de Tulc\u00e1n en la provincia de Carchi.<!--more--><\/p>\n<p>Se espera que las autoridades de la provincia reaccionen a esta orden de la au<span class=\"text_exposed_show\">toridad de salud, ya que esto disminuir\u00e1 la capacidad, para atender a m\u00e1s pacientes que se presente en los pr\u00f3ximos d\u00edas.<\/span><\/p>\n<div class=\"text_exposed_show\">\n<p>Toni Rojas, Gobernador de Sucumb\u00edos confirma la solicitud de la coordinal zonal de salud, inform\u00f3 que los dos ventiladores se quedan en el hospital Marco Vinicio Iza.<\/p>\n<p>&lt;iframe src=\u00bbhttps:\/\/www.facebook.com\/plugins\/video.php?href=https%3A%2F%2Fwww.facebook.com%2Fradiosucumbios%2Fvideos%2F619448835368477%2F&amp;show_text=1&amp;width=560&#8243; width=\u00bb560&#8243; height=\u00bb552&#8243; style=\u00bbborder:none;overflow:hidden\u00bb scrolling=\u00bbno\u00bb frameborder=\u00bb0&#8243; allowTransparency=\u00bbtrue\u00bb allow=\u00bbencrypted-media\u00bb allowFullScreen=\u00bbtrue\u00bb&gt;&lt;\/iframe&gt;<\/p>\n<\/div>\n","protected":false},"excerpt":{"rendered":"<p>Con la disposici\u00f3n del coordinador Zonal de Salud, se debilita el equipamiento del \u00fanico Hospital de Sucumb\u00edos, para enfrentar la emergencia del COVID-19, mediante memor\u00e1ndum, la autoridad zonal, ordena trasladar ventiladores mec\u00e1nicos al Hospital de Tulc\u00e1n en la provincia de Carchi.<\/p>\n","protected":false},"author":1,"featured_media":2376,"comment_status":"open","ping_status":"closed","sticky":false,"template":"","format":"standard","meta":{"footnotes":""},"categories":[3,5],"tags":[],"class_list":["post-2375","post","type-post","status-publish","format-standard","has-post-thumbnail","hentry","category-noticias","category-sucumbios"],"_links":{"self":[{"href":"https:\/\/radiosucumbios.org.ec\/index.php?rest_route=\/wp\/v2\/posts\/2375","targetHints":{"allow":["GET"]}}],"collection":[{"href":"https:\/\/radiosucumbios.org.ec\/index.php?rest_route=\/wp\/v2\/posts"}],"about":[{"href":"https:\/\/radiosucumbios.org.ec\/index.php?rest_route=\/wp\/v2\/types\/post"}],"author":[{"embeddable":true,"href":"https:\/\/radiosucumbios.org.ec\/index.php?rest_route=\/wp\/v2\/users\/1"}],"replies":[{"embeddable":true,"href":"https:\/\/radiosucumbios.org.ec\/index.php?rest_route=%2Fwp%2Fv2%2Fcomments&post=2375"}],"version-history":[{"count":1,"href":"https:\/\/radiosucumbios.org.ec\/index.php?rest_route=\/wp\/v2\/posts\/2375\/revisions"}],"predecessor-version":[{"id":2377,"href":"https:\/\/radiosucumbios.org.ec\/index.php?rest_route=\/wp\/v2\/posts\/2375\/revisions\/2377"}],"wp:featuredmedia":[{"embeddable":true,"href":"https:\/\/radiosucumbios.org.ec\/index.php?rest_route=\/wp\/v2\/media\/2376"}],"wp:attachment":[{"href":"https:\/\/radiosucumbios.org.ec\/index.php?rest_route=%2Fwp%2Fv2%2Fmedia&parent=2375"}],"wp:term":[{"taxonomy":"category","embeddable":true,"href":"https:\/\/radiosucumbios.org.ec\/index.php?rest_route=%2Fwp%2Fv2%2Fcategories&post=2375"},{"taxonomy":"post_tag","embeddable":true,"href":"https:\/\/radiosucumbios.org.ec\/index.php?rest_route=%2Fwp%2Fv2%2Ftags&post=2375"}],"curies":[{"name":"wp","href":"https:\/\/api.w.org\/{rel}","templated":true}]}}